{"id":3086,"date":"2020-02-03T17:23:27","date_gmt":"2020-02-03T16:23:27","guid":{"rendered":"http:\/\/emaa.de\/?p=3086"},"modified":"2020-02-03T17:24:04","modified_gmt":"2020-02-03T16:24:04","slug":"emaa-europa-infos-dezember-2019","status":"publish","type":"post","link":"http:\/\/emaa.de\/?p=3086","title":{"rendered":"EMAA-EUROPA-INFOs Dezember 2019"},"content":{"rendered":"<hr \/>\n<h2>Britische Konservative gewinnen Parlamentswahl deutlich<\/h2>\n<p>Die Konservativen von Premierminister Boris Johnson haben die Parlamentswahl in Gro\u00dfbritannien deutlich gewonnen. Die Tories gewannen nach ersten Prognosen 368 von 650 Sitzen und damit klar die absolute Mehrheit.<\/p>\n<p>Die Labour-Partei von Herausforderer Jeremy Corbyn holte nach der ersten Prognose entt\u00e4uschende 191 Sitze. Ein belastbares Ergebnis wurde allerdings erst am fr\u00fchen Freitagmorgen erwartet.<\/p>\n<p>Dem Austrittsabkommen zufolge soll das Land bis Ende 2020 in einer \u00dcbergangsphase bleiben. Bis dahin will Johnson einen Vertrag \u00fcber die k\u00fcnftigen Beziehungen mit der Staatengemeinschaft aushandeln. Die Zeit daf\u00fcr gilt jedoch als denkbar knapp. Eine Verl\u00e4ngerungsoption, hat er aus-geschlossen. Im Gegenteil, er will es noch k\u00fcrzer zu Ende bringen.<\/p>\n<p><strong><u>EZB dringt auf raschen Aufbau eines europ\u00e4ischen Zahlungssystems\u00a0<\/u><\/strong><\/p>\n<p>Die Europ\u00e4ische Zentralbank (EZB) hat Europas Banken dazu aufgerufen, im Bereich der Kartenzahlungen z\u00fcgig eine konkurrenzf\u00e4hige Alternative zu den gro\u00dfen US-Kreditkartenanbietern Mastercard und Visa zu entwickeln.<\/p>\n<p>Auch 20 Jahre nach der Einf\u00fchrung einer gemeinsamen W\u00e4hrung gebe es immer noch kein europ\u00e4isches Netzwerk f\u00fcr Kartenzahlungen, mahnte EZB-Direktor Beno\u00eet C\u0153ur\u00e9 in Br\u00fcssel.<\/p>\n<p>Unternehmen seien hier nicht in der Lage oder willens gewesen, paneurop\u00e4isch zu handeln. In zehn europ\u00e4ischen L\u00e4ndern existierten noch nationale Systeme, die keine Karten von anderen EU-L\u00e4ndern akzeptierten. &#8222;In diesem Umfeld gibt es klare Anzeichen daf\u00fcr, dass Europa in Gefahr ist, seinen wirtschaftlichen Vorsprung zu verlieren.&#8220;<\/p>\n<p>Zudem sei das Gesch\u00e4ft mit Bezahldiensten durch den digitalen Wandel stark im Umbruch. Durch Abh\u00e4ngigkeit von internationalen Anbietern werde der gemeinsame W\u00e4hrungsraum auch anf\u00e4lliger f\u00fcr St\u00f6rungen von au\u00dfen, wie etwa Cyber-Risiken, f\u00fcgte C\u0153ur\u00e9 hinzu. Der Vizepr\u00e4sident der EU-Kommission, Valdis Dombrovskis, erkl\u00e4rte, sein Ziel sei es, dass bis Ende 2021 ein paneurop\u00e4isches Instant Payment System etabliert werde.<\/p>\n<h1>Banken<\/h1>\n<p><strong><u>Bezahlplattformen:\u00a0Erleichterungen f\u00fcr Banken beschlossen<br \/>\n<\/u><\/strong><strong><u><br \/>\n<\/u><\/strong>Banken sollen einfacher eigene Bezahll\u00f6sungen per Smartphones anbieten k\u00f6nnen. Der Bundesrat hat daf\u00fcr ein\u00a0entsprechendes\u00a0Gesetz verabschiedet.<\/p>\n<p>Anbieter wie Apple m\u00fcssen die Nutzung des Funkchips durch Geldh\u00e4user erm\u00f6glichen, ohne dass diese verpflichtet werden, beispielsweise Apple Pay einzusetzen. Allerdings k\u00f6nnen die Infrastrukturanbieter ein &#8222;angemessenes Entgelt&#8220;\u00a0verlangen, hei\u00dft es in dem Gesetz.<\/p>\n<p><strong><u>Jeder zweite Mittelst\u00e4ndler hadert mit Bankkrediten <\/u><\/strong><\/p>\n<p>Der Zugang zu Bankkrediten wird f\u00fcr Mittelst\u00e4ndler schwieriger, sagt eine aktuelle Umfrage. Besonders bei Digitalisierungsprojekten m\u00fcssen Betriebe oft hart um das Geld f\u00fcr n\u00f6tige Investitionen k\u00e4mpfen.<br \/>\n<a href=\"https:\/\/www.springerprofessional.de\/unternehmenskredit\/firmenkunden\/jeder-zweite-mittelstaendler-hadert-mit-bankkrediten\/17398848\">Jeder zweite Mittelst\u00e4ndler hadert mit Bankkrediten<\/a><\/p>\n<h1>Buchf\u00fchrung und Dokumentation<\/h1>\n<p><strong>GoBD-Praxisleitfaden: Durchblick bei der Verfahrensdokumentation<\/strong><\/p>\n<p><strong>\u00a0<\/strong>Die <strong>Grunds\u00e4tze <\/strong>zur<strong> ordnungsm\u00e4\u00dfigen F\u00fchrung<\/strong> und Aufbewahrung von <strong>B\u00fcchern<\/strong><strong>,<\/strong> Aufzeichnungen und Unterlagen in elektronischer Form sowie zum <strong>Datenzugriff<\/strong> (GoBD) beinhalten s\u00e4mtliche Regelungen, die die Buchf\u00fchrung sowie die Aufbewahrung elektronischer wie analoger Dokumente hinsichtlich steuerrechtlicher Anforderungen betreffen.<\/p>\n<p><strong>Die Finanzverwaltung<\/strong> erl\u00e4utert in ihrem GoBD-Anwendungsschreiben vom<\/p>\n<p>28.11.2019 in 44 Seiten aktuelle \u00c4nderungen in der Verfahrensdokumentation.<\/p>\n<p>Ziel der GoBD ist die Sicherstellung der Unver\u00e4nderbarkeit von Buchungen und Aufzeichnungen. Steuerrelevante Ausgangsbelege m\u00fcssen damit so auf-bewahrt werden, dass sie unver\u00e4nderbar sind bzw. Ver\u00e4nderungen nach-vollzogen werden k\u00f6nnen. Die \u00fcberarbeitete GoBD gelten ab dem 1.1.2020.<\/p>\n<h1>Gesetze<\/h1>\n<p><strong><u>Grundrenten-Kompromiss: <\/u><\/strong><strong><u>Wer erh\u00e4lt die Grundrente?<br \/>\n<\/u><\/strong>Wer gearbeitet hat, soll im Alter mehr haben als die Grundsicherung &#8211; das ist das Ziel der Grundrente. Sie soll zum 1. Januar 2021 eingef\u00fchrt werden. Sie gilt dann f\u00fcr Menschen, die bereits in Rente sind und k\u00fcnftige Rentner. Die Grundrente ist ein Zuschlag auf die Rentenanspr\u00fcche von Geringverdienern, die 35 Beitragsjahre durch Arbeit, Kindererziehung oder Pflege haben. Sie werden nahezu so gestellt, als ob sie in diesen 35 Jahren f\u00fcr 80 Prozent eines Durchschnittslohns gearbeitet h\u00e4tten. <a href=\"https:\/\/www.tagesschau.de\/inland\/ergebnisse-einigung-grundrente-101.html\">mehr:<\/a><\/p>\n<h1><a href=\"#_EMAA-Lobbyarbeit\">BVBC-Lobbyarbeit<\/a><\/h1>\n<p><strong><u>Bilanzbuchhalter k\u00fcnftig &#8222;Bachelor Professional&#8220;<\/u><\/strong><\/p>\n<p>Am 29. November hat der Bundesrat der Novellierung des Berufsbildungsgesetzes zugestimmt. Ab Januar gibt es f\u00fcr Fortbildungen im beruflichen Bereich die Abschlussbezeichnungen \u201eBachelor Professional\u201c und \u201eMaster Professional\u201c.<\/p>\n<p>Bis zuletzt erntete Bildungsministerin Anja Karliczek (CDU) Gegenwind f\u00fcr die Einf\u00fchrung der neuen Bezeichnungen \u201eBachelor Professional&#8220; und \u201eMaster Professional\u201c, mit denen die Berufsbildung gest\u00e4rkt werden soll.<\/p>\n<p>Vor allem aus dem Hochschulsektor gab es massiven Widerstand.<\/p>\n<p>Die Universit\u00e4ten f\u00fcrchteten eine Verwechslungsgefahr mit akademischen Abschl\u00fcssen. Entgegen der Bef\u00fcrchtungen stimmten Bundestag und Bundesrat der Novellierung des Berufsbildungsgesetzes jedoch zu.\u00a0 <a href=\"https:\/\/www.bvbc.de\/bundesverband-der-bilanzbuchhalter-und-controller\/mitteilung\/?tx_ttnews%5Btt_news%5D=364&amp;cHash=a98bd417e8d5210282fa1436c926e4a2\">mehr:<\/a><\/p>\n<p><strong><u>Status des EU-Vertragsverletzungsverfahrens 2018\/217 Vorbehaltsaufgaben<\/u><\/strong><\/p>\n<p>Im Juli 2018 hat die Europ\u00e4ische Kommission die Bundesregierung in einem Aufforderungsschreiben darauf hingewiesen, dass die Vorbehaltsaufgaben des deutschen Steuerberatungsgesetzes (StBerG) nicht mit EU-Recht vereinbar sind.<\/p>\n<p>Als sich der BVBC drei Monate nach dem EU-Schreiben beim daf\u00fcr zust\u00e4ndigem BMWi erkundigte, ob eine fristgerechte Stellungnahme erfolgt sei, erkl\u00e4rte das Ministerium, dass sich die Bundesregierung in dem Verfahren noch nicht ge\u00e4u\u00dfert habe. Eine \u00dcbermittlung des Antwortschreibens sei jedoch auch zu einem sp\u00e4teren Zeitpunkt voraussichtlich nicht m\u00f6glich, da \u201eSchriftwechsel zwischen den Dienststellen der Europ\u00e4ischen Kommission und der Bundesrepublik Deutschland in laufenden Vertragsverletzungsverfahren [\u2026] der Vertraulichkeit\u201c unterl\u00e4gen. <a href=\"http:\/\/emaa.de\/?p=3075\">http:\/\/emaa.de\/?p=3075<\/a><\/p>\n<h2><u>VEB Schweiz<\/u><\/h2>\n<p><strong><u>Weiterbildungsangebot Digitalisierung<\/u><\/strong><\/p>\n<p>Zertifikatslehrg\u00e4nge Digitalisierung &#8211; Vertiefte Weiterbildung mit Qualit\u00e4t<\/p>\n<p>In Zusammenarbeit mit Institute for Digital Business der HWZ (Hochschule f\u00fcr Wirtschaft in Z\u00fcrich) wurde der Lehrgang &#8222;Digital CFO&#8220; geschaffen. In acht Tagen vermitteln wir Mitgliedern unseres Berufsstandes die vielseitigen M\u00f6glichkeiten der Digitalisierung. Gemeinsam entwickeln wir eine Digitalisierungsstrategie im Rechnungswesen und geben den Teilnehmern Werkzeuge und Erfahrungen mit auf den Weg, damit diese in Berufsalltag die neuen Chancen effizient nutzen k\u00f6nnen.<\/p>\n<p><strong>Digital CFO \u2013 Zertifikatslehrgang<\/strong>:<br \/>\n17.03.2020 \u00a0 veb.ch,<br \/>\nTalacker 34, 8001 Z\u00fcrich <em><br \/>\n<\/em><em>EMAA Mitglieder k\u00f6nnen zu Mitgliederkonditionen teilnehmen.<\/em><\/p>\n<p>&nbsp;<\/p>\n","protected":false},"excerpt":{"rendered":"<p>Britische Konservative gewinnen Parlamentswahl deutlich Die Konservativen von Premierminister Boris Johnson haben die Parlamentswahl in Gro\u00dfbritannien deutlich gewonnen. Die Tories gewannen nach ersten Prognosen 368 von 650 Sitzen und damit klar die absolute Mehrheit. Die Labour-Partei von Herausforderer Jeremy Corbyn holte nach der ersten Prognose entt\u00e4uschende 191 Sitze. Ein belastbares Ergebnis wurde allerdings erst am [&hellip;]<\/p>\n","protected":false},"author":2,"featured_media":0,"comment_status":"closed","ping_status":"closed","sticky":false,"template":"","format":"standard","meta":{"footnotes":""},"categories":[16,252,255,29,3,4],"tags":[601,600],"class_list":["post-3086","post","type-post","status-publish","format-standard","hentry","category-aktuelles","category-berufsrecht","category-eu","category-europa-info","category-jobs","category-news","tag-bezahlplattformen","tag-europaeischen-zahlungssystems"],"_links":{"self":[{"href":"http:\/\/emaa.de\/index.php?rest_route=\/wp\/v2\/posts\/3086","targetHints":{"allow":["GET"]}}],"collection":[{"href":"http:\/\/emaa.de\/index.php?rest_route=\/wp\/v2\/posts"}],"about":[{"href":"http:\/\/emaa.de\/index.php?rest_route=\/wp\/v2\/types\/post"}],"author":[{"embeddable":true,"href":"http:\/\/emaa.de\/index.php?rest_route=\/wp\/v2\/users\/2"}],"replies":[{"embeddable":true,"href":"http:\/\/emaa.de\/index.php?rest_route=%2Fwp%2Fv2%2Fcomments&post=3086"}],"version-history":[{"count":3,"href":"http:\/\/emaa.de\/index.php?rest_route=\/wp\/v2\/posts\/3086\/revisions"}],"predecessor-version":[{"id":3089,"href":"http:\/\/emaa.de\/index.php?rest_route=\/wp\/v2\/posts\/3086\/revisions\/3089"}],"wp:attachment":[{"href":"http:\/\/emaa.de\/index.php?rest_route=%2Fwp%2Fv2%2Fmedia&parent=3086"}],"wp:term":[{"taxonomy":"category","embeddable":true,"href":"http:\/\/emaa.de\/index.php?rest_route=%2Fwp%2Fv2%2Fcategories&post=3086"},{"taxonomy":"post_tag","embeddable":true,"href":"http:\/\/emaa.de\/index.php?rest_route=%2Fwp%2Fv2%2Ftags&post=3086"}],"curies":[{"name":"wp","href":"https:\/\/api.w.org\/{rel}","templated":true}]}}