{"id":424,"date":"2015-01-14T14:03:41","date_gmt":"2015-01-14T13:03:41","guid":{"rendered":"http:\/\/www.emaa.de\/?p=424"},"modified":"2016-03-06T11:46:21","modified_gmt":"2016-03-06T10:46:21","slug":"europa-info-juli-2008","status":"publish","type":"post","link":"http:\/\/emaa.de\/?p=424","title":{"rendered":"Europa Info Juli 2008"},"content":{"rendered":"<p><a href=\"http:\/\/www.emaa.de\/wp-878ef-content\/uploads\/2015\/01\/emaa_logo_01.jpg\"><img loading=\"lazy\" decoding=\"async\" class=\"alignnone size-full wp-image-267\" src=\"http:\/\/www.emaa.de\/wp-878ef-content\/uploads\/2015\/01\/emaa_logo_01.jpg\" alt=\"emaa_logo_01\" width=\"92\" height=\"92\" srcset=\"http:\/\/emaa.de\/wp-878ef-content\/uploads\/2015\/01\/emaa_logo_01.jpg 92w, http:\/\/emaa.de\/wp-878ef-content\/uploads\/2015\/01\/emaa_logo_01-48x48.jpg 48w\" sizes=\"auto, (max-width: 92px) 100vw, 92px\" \/><\/a><\/p>\n<h1>EMAA-EUROPA-INFOs Juli 2008<\/h1>\n<p>Sehr geehrte Kolleginnen und Kollegen,<\/p>\n<p>in dieser Ausgabe finden Sie folgende Themen:<\/p>\n<ul>\n<li><span class=\"internal-link\">Termine<\/span><\/li>\n<li><span class=\"internal-link\">EMAA-Lobbyarbeit<\/span><\/li>\n<li><span class=\"internal-link\">EUROPA von A \u2013 Z<\/span><\/li>\n<li><span class=\"internal-link\">Steuern und Recht<br \/>\n<\/span><\/li>\n<li><span class=\"internal-link\">EDV und Software<\/span><\/li>\n<li>Aktuelle Neuigkeiten in der internationalen Rechnungslegung<\/li>\n<li>Buchhinweis<\/li>\n<\/ul>\n<p>Wir hoffen, Ihnen interessante Informationen und Beitr\u00e4ge liefern zu k\u00f6nnen!<br \/>\n<strong>Ihr EMAA-Team<\/strong><\/p>\n<div>\n<table class=\"imgtext-table\" border=\"0\" width=\"475\" cellspacing=\"0\" cellpadding=\"0\">\n<tbody>\n<tr>\n<td colspan=\"1\"><\/td>\n<\/tr>\n<tr>\n<td valign=\"top\"><img loading=\"lazy\" decoding=\"async\" title=\"\" src=\"http:\/\/emaa.de\/wp-878ef-content\/uploads\/2015\/02\/Spacer_d987b2_09.jpg\" alt=\"\" width=\"475\" height=\"16\" align=\"top\" border=\"0\" \/><\/td>\n<\/tr>\n<\/tbody>\n<\/table>\n<\/div>\n<p><a id=\"c611\"><\/a><\/p>\n<h3>EMAA AKTUELL<\/h3>\n<p><strong>TERMINE:<\/strong><\/p>\n<p><strong>EMAA-Fachtagung 2008:<\/strong><\/p>\n<p>Die n\u00e4chste EMAA-Arbeitssitzung findet im Juli 2008 in Bonn statt. Eine Anmeldung ist erforderlich<\/p>\n<p>Weitere Infos zu den Terminen: <a href=\"http:\/\/www.emaa.de\/?cat=4\" target=\"page\">www.emaa.de\/58.0.html<\/a><\/p>\n<p><strong>Seminarangebote unserer Mitgliedsverb\u00e4nde<\/strong><\/p>\n<ul>\n<li><strong>BVBC &#8211; Deutschland<\/strong><br \/>\nInformation unter <a href=\"http:\/\/www.bvbc.de\/karriere-portal.html\" target=\"_blank\">http:\/\/www.bvbc.de\/karriere-portal.html<\/p>\n<p><\/a><\/li>\n<li><strong>B\u00d6B, \u00d6sterreich<\/strong><br \/>\nKlubseminare im \u00dcberblick \u00f6sterreichweit<br \/>\nInformation unter <a href=\"http:\/\/www.boeb.at\/Seminare\/seminar_inhalt.html\" target=\"_blank\">www.boeb.at\/Seminare\/seminar_inhalt.html<\/a><\/li>\n<li><strong>VEB, Schweiz<\/strong><br \/>\nInformation unter <a href=\"http:\/\/www.veb.ch\/html\/veranstaltungen.html\" target=\"_blank\">www.veb.ch\/html\/veranstaltungen.html<\/p>\n<p><\/a><\/li>\n<li><strong>SU, Tschechischen Republik<\/strong><br \/>\nInformation unter <a href=\"http:\/\/www.svaz-ucetnich.cz\/\" target=\"_blank\">http:\/\/www.svaz-ucetnich.cz<\/a><\/li>\n<\/ul>\n<div>\n<table class=\"imgtext-table\" border=\"0\" width=\"475\" cellspacing=\"0\" cellpadding=\"0\">\n<tbody>\n<tr>\n<td colspan=\"1\"><\/td>\n<\/tr>\n<tr>\n<td valign=\"top\"><img loading=\"lazy\" decoding=\"async\" title=\"\" src=\"http:\/\/emaa.de\/wp-878ef-content\/uploads\/2015\/02\/Spacer_860836_09.jpg\" alt=\"\" width=\"475\" height=\"16\" align=\"top\" border=\"0\" \/><\/td>\n<\/tr>\n<\/tbody>\n<\/table>\n<\/div>\n<p><a id=\"c609\"><\/a><\/p>\n<h3>EMAA LOBBYARBEIT<\/h3>\n<p><strong>EMAA-Roadshow<\/strong><\/p>\n<p>Ab 2008 wird sich die EMAA erneut in der \u00d6ffentlichkeit pr\u00e4sentieren.<\/p>\n<p>\u201eWenn potentielle F\u00f6rdermitglieder und Sponsoren nicht zu einem kommen, muss man halt zu potentiellen F\u00f6rdermitglieder und Sponsoren fahren.&#8220; Das ist die simple aber eben auch bedeutungsvolle Einsicht, auf der die EMAA-Roadshow basiert.<br \/>\nDie EMAA-Roadshow als Marketingtool wurde vom EMAA-F\u00f6rdermitglied Ulrich Neubauer entwickelt. Ulrich Neubauer hielt es f\u00fcr eine gute Idee, mit<\/p>\n<ul>\n<li>der EMAA-Pr\u00e4sentation,<\/li>\n<li>den Vorteilen von F\u00f6rdermitgliedschaften f\u00fcr Privatpersonen und Unternehmen und<\/li>\n<li>der Plattform f\u00fcr Sponsoren<\/li>\n<\/ul>\n<p>von Ort zu Ort, von Stadt zu Stadt oder gar von Land zu Land zu fahren, um die zu pr\u00e4sentierenden Vorteile f\u00fcr F\u00f6rdermitglieder und Sponsoren im gro\u00dfen oder auch kleinen Stil potentiellen F\u00f6rdermitglieder und Sponsoren direkt vorzuf\u00fchren. Die EMAA-Roadshow als eine Form von Eventmarketing ist \u00e4u\u00dferst effektiv, davon ist Ulrich Neubauer \u00fcberzeugt. Die wesentlichen Vorteile der EMAA-Roadshow bestehen darin, dass die Zielgruppe direkt angesteuert werden kann, die Zielgruppe keine gro\u00dfen Kosten oder weite Wege in Kauf nehmen muss, somit mehr Zeit und Geld vor Ort hat und im g\u00fcnstigsten Fall gleich eine unvergessliche Pr\u00e4sentation mit greifbaren Vorteilen pr\u00e4sentiert bekommt, die sie zuk\u00fcnftig immer mit der EMAA verbinden wird. Au\u00dferdem ist durch den engen und pers\u00f6nlichen Kontakt zur Zielgruppe die Gelegenheit f\u00fcr regen Informationsaustausch und Bindung mehr als gut. F\u00f6rdermitglieder und Sponsoren bekommen die gew\u00fcnschten Informationen zudem aus erster Hand. Besser kann man die F\u00f6rdermitgliedschaft und die Plattform f\u00fcr Sponsoren kaum pr\u00e4sentieren. Die EMAA-Roadshow ist, in anderen Worten, mobile Pr\u00e4sentation, die ausschlie\u00dflich das EMAA-Verbandsportrait, die Vorteile der F\u00f6rdermitgliedschaft und die Plattform f\u00fcr Sponsoren zeigt und f\u00fcr potentielle F\u00f6rdermitglieder und Sponsoren noch leichter und kosteng\u00fcnstiger zu erreichen ist, als jede herk\u00f6mmliche Messe.<\/p>\n<p>Die EMAA-Roadshow funktioniert \u00fcbrigens auch im kleineren Stil. Die EMAA-Roadshow wird auf Seminaren und sonstigen Veranstaltungen der BVBC-Landesverb\u00e4nde und befreundeter Landesverb\u00e4nde der EMAA pr\u00e4sentiert.<\/p>\n<p>Nachdem das Konzept der EMAA-Roadshow stand, machte sich Ulrich Neubauer an die konkrete Arbeit und realisierte das einmalige Konzept und pr\u00e4sentierte dies erstmals w\u00e4hrend einer EMAA-Arbeitssitzung in 2007. Er plante die Termine und Routen f\u00fcr 2008 und somit wurde die EMAA-Roadshow erstmalig w\u00e4hrend der Mitgliederversammlung 2008 des LV-Norddeutschland am 15. M\u00e4rz d.J. in L\u00fcbeck pr\u00e4sentiert.<\/p>\n<p>Ein weiterer wichtiger Meilenstein war die Pr\u00e4sentation anl\u00e4sslich der EMAA-Fachtagung 2008 in Bad Ischl. Hier war das internationale Publikum begeistert und es wurde anschlie\u00dfend ein Wiederholungstermin anl\u00e4sslich der K\u00e4rntner Steuerfachtage 2008 in Klagenfurt gebucht.<\/p>\n<p>In 2009 ist geplant, dass die EMAA sich verst\u00e4rkt auf Kongressen, Mitgliederversammlungen, Tagungen und Seminaren im In- und Ausland pr\u00e4sentiert.<\/p>\n<div>\n<table class=\"imgtext-table\" border=\"0\" width=\"475\" cellspacing=\"0\" cellpadding=\"0\">\n<tbody>\n<tr>\n<td colspan=\"1\"><\/td>\n<\/tr>\n<tr>\n<td valign=\"top\"><img loading=\"lazy\" decoding=\"async\" title=\"\" src=\"http:\/\/emaa.de\/wp-878ef-content\/uploads\/2015\/02\/Spacer_8e9001_09.jpg\" alt=\"\" width=\"475\" height=\"16\" align=\"top\" border=\"0\" \/><\/td>\n<\/tr>\n<\/tbody>\n<\/table>\n<\/div>\n<p><a id=\"c607\"><\/a><\/p>\n<h3>EUROPA VON A &#8211; Z<\/h3>\n<p><strong>Informationsveranstaltung zum EUROPASS<\/strong><\/p>\n<p>Immer h\u00e4ufiger ist festzustellen, dass sich auf Stellenausschreibungen deutscher Unternehmen auch Fachkr\u00e4fte aus anderen europ\u00e4ischen L\u00e4ndern bewerben. Zu entscheiden, ob die in den Bewerbungsunterlagen ausgewiesenen Abschl\u00fcsse den gesuchten Qualifikationen entsprechen, f\u00e4llt dabei nicht immer leicht. Mit dem EUROPASS, dem Europ\u00e4ischen Qualifikationsrahmen (EQF) und dem Europ\u00e4ischen Leistungspunktesystem f\u00fcr die Berufsbildung (ECVET) werden den Unternehmen Instrumente in die Hand gegeben, welche die Transparenz und Vergleichbarkeit von Bildungsabschl\u00fcssen und Berufserfahrungen auf einem sich erweiternden europ\u00e4ischen Arbeitsmarkt gew\u00e4hrleisten.<br \/>\nDazu werden derzeit gemeinsam mit der Nationalen Agentur Bildung f\u00fcr Europa beim Bundesinstitut f\u00fcr Berufsbildung mit Sitz in Bonn Informationsveranstaltungen zu den Themenfeldern EUROPASS, EQF, ECVET und dem Programm f\u00fcr Lebenslanges Lernen ausgerichtet. Details finden Sie im Internet.<\/p>\n<p><strong>European guidelines<\/strong><\/p>\n<p>The EU has announced its proposals for establishing a European Qualification Framework (EQF) and a European credit system for vocational education and training. Both are being hailed as positive steps for the fitness industry in the UK and Europe by EREPs.<br \/>\nThe EQF will relate the qualifications systems of member states, an underlying principle of comparable qualifications that is fundamental to the success of EREPs.<\/p>\n<p>EQF levels are to be incorporated in all certificates issued by training providers, colleges and universities from 2010 onwards.<\/p>\n<p><strong>EU-Parlament votiert f\u00fcr verpflichtendes Lobbyregister \/ Kommission schafft eigenen Kodex<\/strong><\/p>\n<p>Mit deutlicher Mehrheit hat sich das Europ\u00e4ische Parlament f\u00fcr die Einrichtung eines verpflichtenden Lobbyregister ausgesprochen. Damit geht das Parlament \u00fcber die Vorstellungen von EU-Kommiss\u00e4r Siim Kallas hinaus, der im Rahmen seiner Transparenzinitiative eine freiwillige Registrierung vorschl\u00e4gt. Das Parlament w\u00fcnscht \u00fcberdies, dass es ein gemeinsames, einheitliches Register f\u00fcr alle EU-Institutionen geben soll.<\/p>\n<div>\n<table class=\"imgtext-table\" border=\"0\" width=\"475\" cellspacing=\"0\" cellpadding=\"0\">\n<tbody>\n<tr>\n<td colspan=\"1\"><\/td>\n<\/tr>\n<tr>\n<td valign=\"top\"><img loading=\"lazy\" decoding=\"async\" title=\"\" src=\"http:\/\/emaa.de\/wp-878ef-content\/uploads\/2015\/02\/Spacer_764b33_09.jpg\" alt=\"\" width=\"475\" height=\"16\" align=\"top\" border=\"0\" \/><\/td>\n<\/tr>\n<\/tbody>\n<\/table>\n<\/div>\n<p><a id=\"c605\"><\/a><\/p>\n<h3>STEUERN UND RECHT<\/h3>\n<p><strong>Besteuerung des Arbeitslohns eines in \u00d6sterreich angestellten Berufskraftfahrers mit Wohnsitz in Deutschland<\/strong><\/p>\n<p>Ein Berufskraftfahrer hat seine regelm\u00e4\u00dfige Arbeitsst\u00e4tte in seinem Fahrzeug. Der Ort der Arbeitsaus\u00fcbung liegt dort, wo er sich mit seinem Fahrzeug gerade aufh\u00e4lt bzw. fortbewegt. Ist ein Steuerpflichtiger mit Wohnsitz in Deutschland als Berufskraftfahrer bei einer Transportgesellschaft in \u00d6sterreich angestellt und \u00fcbt er seine T\u00e4tigkeit nicht nur in \u00d6sterreich, sondern auch in anderen Staaten aus, steht \u00d6sterreich das Besteuerungsrecht nach Art. 15 Abs. 1 Satz 2 DBA \u00d6sterreich nur anteilig zu, soweit die T\u00e4tigkeit tats\u00e4chlich in \u00d6sterreich ausge\u00fcbt worden ist.<\/p>\n<p>F\u00fcr die T\u00e4tigkeit in Deutschland und in Drittstaaten hat Deutschland als Ans\u00e4ssigkeitsstaat das Besteuerungsrecht. Ist der Arbeitslohn in \u00d6sterreich besteuert worden, k\u00f6nnen die Folgen einer doppelten Besteuerung durch eine Veranlagung oder einen Antrag auf Veranlagung in \u00d6sterreich vermieden werden. Ein Wahlrecht, durch Verzicht auf eine Veranlagung in \u00d6sterreich das Besteuerungsrecht von Deutschland auf \u00d6sterreich zu verlagern, besteht nicht.<\/p>\n<p>Der Besteuerung entsprechend den Regelungen des DBA-\u00d6sterreich steht nicht die Arbeitnehmerfreiz\u00fcgigkeit des EGV entgegen (FG Sachsen-Anhalt, Urteil v. 28. 2. 2008 &#8211; 1 K 1098\/05).<\/p>\n<p><strong>KLEINSENDUNGEN: ANHEBUNG DER WERTGRENZE AB 01.12.2008<\/strong><\/p>\n<p>Anmerkung zu unserer Meldung in Ausgabe 05\/2008: Nach der k\u00fcrzlich im Amtsblatt der Europ\u00e4ischen Union ver\u00f6ffentlichten <a class=\"external-link-new-window\" href=\"http:\/\/www.infin-online.de\/newsletter2\/f.php?ltype=0&amp;jobid=adc0feed6d&amp;id=1170017b40d1ba28394ebc44158dae8a8136\" target=\"_blank\">Verordnung (EG) Nr. 274\/2008 (S. 1 ff)<\/a> wird sich ab dem 1. Dezember 2008 f\u00fcr Sendungen mit geringem Wert die in Artikel 27 der ZollbefreiungsVO genannte Wertgrenze von derzeit 22 Euro auf 150 Euro erh\u00f6hen. Diese Regelung gilt jedoch ausschlie\u00dflich f\u00fcr Z\u00f6lle. Eine entsprechende Angleichung der Einfuhrumsatzsteuervorschriften wird es in diesem Bereich nicht geben. Nach Artikel 22 der Richtlinie 83\/181\/EWG betr\u00e4gt die H\u00f6chstgrenze f\u00fcr die Steuerbefreiung von eingef\u00fchrten geringwertigen Gegenst\u00e4nden dort nach wie vor 22 Euro. Einen \u00c4nderung ist nach Mitteilung des Bundesfinanzministeriums nicht geplant. N\u00e4here Informationen dazu finden Sie hier. N\u00e4here Informationen dazu finden Sie hier.<\/p>\n<p><strong>INNERGEMEINSCHAFTLICHE LIEFERUNG: NACHWEIS DES ABNEHMERS<\/strong><\/p>\n<p>Der Bundesfinanzhof (BFH) hat sich in einem Urteil vom 08.11.2007 abermals zu den Voraussetzungen f\u00fcr eine steuerfreie innergemeinschaftliche Lieferung ge\u00e4u\u00dfert. Hole eine andere Person als der Vertragspartner die Ware ab, so m\u00fcsse dieser grunds\u00e4tzlich in Besitz einer g\u00fcltigen Vollmacht des Vertragspartners sein.<\/p>\n<p>Im zu Grunde liegenden Fall war der Abholer hochwertiger bar bezahlter PKWs nicht im Besitz einer Vollmacht des Vertragspartners. Nach \u00a7 17a Abs. 1 UStDV habe der leistende Unternehmer aber leicht und einfach nachpr\u00fcfbar nachzuweisen, dass die Bef\u00f6rderung oder Versendung durch den Unternehmer oder den Abnehmer in den anderen Mitgliedstaat erfolgt ist. Die Vollmacht des Dritten geh\u00f6re damit insoweit zum notwendigen Buchnachweis.<\/p>\n<p>Die Vertrauensschutznorm des \u00a7 6a Abs. 4 UStG pr\u00fcft der BFH nicht, weil hierf\u00fcr ein ordnungsgem\u00e4\u00dfer Buchnachweis erforderlich sei. Das Finanzgericht K\u00f6ln als Vorinstanz (Urteil vom 27. Januar 2005, Az: 10 K 1367\/04) hatte dem gegen\u00fcber noch ausgef\u00fchrt, dass zur Beachtung der Sorgfalt eines ordentlichen Kaufmanns beim Barverkauf hochwertiger PKWs an eine f\u00fcr den Lieferanten unbekannte Firma geh\u00f6re, dass man sich \u00fcber die Vertretungsberechtigung einer dritten Person erkundigen m\u00fcsse. Die blo\u00dfe Vorlage einer Vollmacht sei nicht ausreichend; vielmehr habe sich der Lieferant bei dem Vertretungsorgan erkundigen m\u00fcssen, ob die dritte Person tats\u00e4chlich bevollm\u00e4chtigt gewesen sei.<\/p>\n<p>Das Urteil vom 08.11.2007, Aktenzeichen V R 26\/5, k\u00f6nnen Sie unter <a href=\"http:\/\/www.bundesfinanzhof.de\/\" target=\"_blank\">www.bundesfinanzhof.de<\/a> nachlesen.<\/p>\n<div>\n<table class=\"imgtext-table\" border=\"0\" width=\"475\" cellspacing=\"0\" cellpadding=\"0\">\n<tbody>\n<tr>\n<td colspan=\"1\"><\/td>\n<\/tr>\n<tr>\n<td valign=\"top\"><img loading=\"lazy\" decoding=\"async\" title=\"\" src=\"http:\/\/emaa.de\/wp-878ef-content\/uploads\/2015\/02\/Spacer_fc8554_09.jpg\" alt=\"\" width=\"475\" height=\"16\" align=\"top\" border=\"0\" \/><\/td>\n<\/tr>\n<\/tbody>\n<\/table>\n<\/div>\n<p><a id=\"c603\"><\/a><\/p>\n<h3>EDV UND SOFTWARE<\/h3>\n<p><strong>IntraWorlds ma\u00dfgeschneiderte Social Networking Software ist lt. Experten&#8230;.<\/strong><\/p>\n<p><strong>\u2026einfach zu bedienen<br \/>\n\u2026genau passend f\u00fcr Ihre Organisation<br \/>\n\u2026stets up-to-date<br \/>\n\u2026von erstklassiger Qualit\u00e4t<\/strong><\/p>\n<p>IntraWorlds ist der europaweit t\u00e4tige Spezialist im Aufbau exklusiver Online-Plattformen im Internet. Wir helfen Verb\u00e4nden enge und langfristige Beziehungen zu ihren Mitgliedern aufzubauen und den Zusammenhalt und den Austausch innerhalb des Verbandes zu erh\u00f6hen. Derzeit unterst\u00fctzen wir mehr als 60 Bildungseinrichtungen, Vereine, Verb\u00e4nde, Verlage und Unternehmen im Auf- und Ausbau ihrer Online-Netzwerke.<\/p>\n<p>Zu den Kunden z\u00e4hlen unter anderem die Ludwig Maximilians-Universit\u00e4t M\u00fcnchen, die Universit\u00e4t M\u00fcnster, die Humboldt Universit\u00e4t Berlin, die WHU Vallendar, die Bucerius Law School Hamburg, die Kanzlei Hengeler M\u00fcller, der Fachverlag Neue Wirtschafts-Briefe (NWB) sowie die Ehemaligenvereine der Stiftung der Deutschen Wirtschaft und der Friedrich-Naumann-Stiftung.<\/p>\n<p>IntraWorlds hilft Ihnen Ihre Mitglieder st\u00e4rker untereinander und mit Ihrem Verband zu vernetzen, den Wissensaustausch untereinander zu f\u00f6rdern und neue Mitglieder zu gewinnen. F\u00fcr Fragen aller Art stehen wir Ihnen gerne zur Verf\u00fcgung. Sie haben noch Fragen?<br \/>\nNehmen Sie Kontakt auf.<\/p>\n<div>\n<table class=\"imgtext-table\" border=\"0\" width=\"475\" cellspacing=\"0\" cellpadding=\"0\">\n<tbody>\n<tr>\n<td colspan=\"1\"><\/td>\n<\/tr>\n<tr>\n<td valign=\"top\"><img loading=\"lazy\" decoding=\"async\" title=\"\" src=\"http:\/\/emaa.de\/wp-878ef-content\/uploads\/2015\/02\/Spacer_405408_09.jpg\" alt=\"\" width=\"475\" height=\"16\" align=\"top\" border=\"0\" \/><\/td>\n<\/tr>\n<\/tbody>\n<\/table>\n<\/div>\n<p><a id=\"c600\"><\/a><\/p>\n<h3>AKTUELLE NEUIGKEITEN IN DER INTERNATIONALEN RECHNUNGSLEGUNG<\/h3>\n<p><strong>Bericht des Deutschen Standardisierungsrates \u00fcber die 121. Sitzung vom 5. und 6. Juni 2008 in Berlin<\/strong><br \/>\nDer Deutsche Standardisierungsrat (DSR) setzte seine Diskussion zur Vorbereitung seiner Stellungnahme gegen\u00fcber dem IASB zum Projekt Conceptual Framework Phase A &#8211; Objectives and qualitative characteristics fort.<br \/>\nDer DSR informierte sich \u00fcber die aktuellen Entwicklungen zum Thema Kapitalerhaltung\/Solvenztest.<br \/>\nAufgrund aktueller Entwicklungen diskutierte der Rat die Notwendigkeit der Anpassung von Rechnungslegungsnormen aufgrund der Finanzmarkt-Krise. Nach der Ver\u00f6ffentlichung des Regierungsentwurfes des Bilanzrechts-modernisierungsgesetzes (BilMoG) informierte sich der DSR \u00fcber \u00c4nderungen zum Referentenentwurf und diskutierte das weitere Vorgehen. Der DSR f\u00fchrte seine Diskussion \u00fcber Anpassungs- und Regelungsbedarf im Bereich der DRS 1-17, ausgel\u00f6st durch das BilMoG bzw. durch \u00c4nderungen in den IFRS, fort.<br \/>\nIn Vorbereitung seiner Stellungnahme diskutierte der Standardisierungsrat erneut das im Januar 2008 ver\u00f6ffentlichte PAAinE-Diskussionspapier The Financial Reporting of Pensions. Auf der Tagesordnung dieser Sitzung stand abermals die Diskussion \u00fcber die zuk\u00fcnftige Strategie des DRSC aus Sicht des DSR. Weiterhin informierte sich der Standardisierungsrat \u00fcber die geplante Restrukturierung der EFRAG und die derzeit diesbez\u00fcglich gef\u00fchrten Diskussionen.<\/p>\n<div>\n<table class=\"imgtext-table\" border=\"0\" width=\"475\" cellspacing=\"0\" cellpadding=\"0\">\n<tbody>\n<tr>\n<td colspan=\"1\"><\/td>\n<\/tr>\n<tr>\n<td valign=\"top\"><img loading=\"lazy\" decoding=\"async\" title=\"\" src=\"http:\/\/emaa.de\/wp-878ef-content\/uploads\/2015\/02\/Spacer_fe62a7_14.jpg\" alt=\"\" width=\"475\" height=\"16\" align=\"top\" border=\"0\" \/><\/td>\n<\/tr>\n<\/tbody>\n<\/table>\n<\/div>\n<p><img loading=\"lazy\" decoding=\"async\" class=\"spacer-gif\" title=\"\" src=\"http:\/\/www.emaa.de\/wp-878ef-content\/uploads\/2015\/02\/clear.gif\" alt=\"\" width=\"1\" height=\"6\" border=\"0\" \/><br \/>\n<a id=\"c598\"><\/a><\/p>\n<h3>BUCHTIPP<\/h3>\n<p><strong>Konsortialkreditgesch\u00e4ft und Sicherheitenpools Vertr\u00e4ge sicher gestalten und praktikabel umsetzen<\/strong><\/p>\n<p>Herausgegeben von Dr. Jochen Klein, mit Beitr\u00e4gen von Dr. Stephan Rost, Hans Ulrich Sickel und Johannes Tauber, 2008, XIII, 215 Seiten, mit zahlreichen Abbildungen und Checklisten, fester Einband<\/p>\n<p><strong>Euro (D) 59,00<\/strong><\/p>\n<p>Reihe: Bearbeitungs- und Pr\u00fcfungsleitfaden der Internen Revision (BPIR)<br \/>\n<strong>ISBN 978 3 503 11028 5<\/strong><\/p>\n<p>Das zunehmend internationale Gesch\u00e4ft mit Konsortialkrediten und Sicherheitenpools fordert Bankpraktiker genauso wie interne und externe Revisoren: Es gilt, deutsches und internationales Vertragsrecht zu beherrschen. Vor allem aber ist ein gezieltes Pr\u00fcfen der Prozesse notwendig, um Risiken zu vermeiden.<\/p>\n<p>In diesem Leitfaden, herausgegeben von Jochen Klein, vermitteln erfahrene Autoren praxisrelevantes Know-how f\u00fcr eine effiziente Steuerung und Revision in den Bereichen: deutsches Konsortialkreditgesch\u00e4ft: Konsortialvertrag, Konsortialkreditvertrag, Sicherheitenpoolvertr\u00e4ge internationales Konsortialkreditgesch\u00e4ft nach LMA-Standard: syndizierte Kreditvertr\u00e4ge und deren Vertragspr\u00fcfung, internationale Standardregelungen, Haftungsfragen und mehr.<\/p>\n<p><strong>Mit zahlreichen Formulierungsbeispielen, Pr\u00fcfungschecklisten und Vertragsmustern \u2013 der ideale Begleiter in der Praxis!<\/strong><\/p>\n<p>Bestellm\u00f6glichkeit online unter <a href=\"http:\/\/www.esv.info\/\" target=\"_blank\">www.ESV.info<\/a> \/978 3 503 11028 5<\/p>\n<div>\n<table class=\"imgtext-table\" border=\"0\" width=\"475\" cellspacing=\"0\" cellpadding=\"0\">\n<tbody>\n<tr>\n<td colspan=\"1\"><\/td>\n<\/tr>\n<tr>\n<td valign=\"top\"><img loading=\"lazy\" decoding=\"async\" title=\"\" src=\"http:\/\/emaa.de\/wp-878ef-content\/uploads\/2015\/02\/Spacer_fe62a7_13.jpg\" alt=\"\" width=\"475\" height=\"16\" align=\"top\" border=\"0\" \/><\/td>\n<\/tr>\n<\/tbody>\n<\/table>\n<\/div>\n<p><img loading=\"lazy\" decoding=\"async\" class=\"spacer-gif\" title=\"\" src=\"http:\/\/www.emaa.de\/wp-878ef-content\/uploads\/2015\/02\/clear.gif\" alt=\"\" width=\"1\" height=\"6\" border=\"0\" \/><br \/>\n<a id=\"c596\"><\/a><img loading=\"lazy\" decoding=\"async\" class=\"spacer-gif\" title=\"\" src=\"http:\/\/www.emaa.de\/wp-878ef-content\/uploads\/2015\/02\/clear.gif\" alt=\"\" width=\"1\" height=\"20\" border=\"0\" \/><\/p>\n<p>M\u00f6chten Sie k\u00fcnftig die EMAA-EUROPA-INFOs nicht mehr beziehen, k\u00f6nnen Sie den Service jederzeit mit einer Mitteilung an die EMAA (<a>kontakt@emaa.de<\/a>) stornieren.<\/p>\n<p>European Management Accountants Association e.V<br \/>\nEMAA e.V.<br \/>\nAm Propsthof 15 &#8211; 17<br \/>\n53121 Bonn<br \/>\nTelefon: +49 (0)228 &#8211; 9 63 93 18, Telefax: +49 (0)228 &#8211; 9 63 93 14<br \/>\nE-Mail: <a>kontakt@emaa.de<\/a>\u00a0 Internet: <a href=\"http:\/\/www.emaa.de\/\" target=\"_blank\">http:\/\/www.emaa.de<\/a><\/p>\n<p>&nbsp;<\/p>\n","protected":false},"excerpt":{"rendered":"<p>EMAA-EUROPA-INFOs Juli 2008 Sehr geehrte Kolleginnen und Kollegen, in dieser Ausgabe finden Sie folgende Themen: Termine EMAA-Lobbyarbeit EUROPA von A \u2013 Z Steuern und Recht EDV und Software Aktuelle Neuigkeiten in der internationalen Rechnungslegung Buchhinweis Wir hoffen, Ihnen interessante Informationen und Beitr\u00e4ge liefern zu k\u00f6nnen! Ihr EMAA-Team EMAA AKTUELL TERMINE: EMAA-Fachtagung 2008: Die n\u00e4chste EMAA-Arbeitssitzung [&hellip;]<\/p>\n","protected":false},"author":1,"featured_media":0,"comment_status":"closed","ping_status":"closed","sticky":false,"template":"","format":"standard","meta":{"footnotes":""},"categories":[29,280],"tags":[],"class_list":["post-424","post","type-post","status-publish","format-standard","hentry","category-europa-info","category-tschechien"],"_links":{"self":[{"href":"http:\/\/emaa.de\/index.php?rest_route=\/wp\/v2\/posts\/424","targetHints":{"allow":["GET"]}}],"collection":[{"href":"http:\/\/emaa.de\/index.php?rest_route=\/wp\/v2\/posts"}],"about":[{"href":"http:\/\/emaa.de\/index.php?rest_route=\/wp\/v2\/types\/post"}],"author":[{"embeddable":true,"href":"http:\/\/emaa.de\/index.php?rest_route=\/wp\/v2\/users\/1"}],"replies":[{"embeddable":true,"href":"http:\/\/emaa.de\/index.php?rest_route=%2Fwp%2Fv2%2Fcomments&post=424"}],"version-history":[{"count":1,"href":"http:\/\/emaa.de\/index.php?rest_route=\/wp\/v2\/posts\/424\/revisions"}],"predecessor-version":[{"id":425,"href":"http:\/\/emaa.de\/index.php?rest_route=\/wp\/v2\/posts\/424\/revisions\/425"}],"wp:attachment":[{"href":"http:\/\/emaa.de\/index.php?rest_route=%2Fwp%2Fv2%2Fmedia&parent=424"}],"wp:term":[{"taxonomy":"category","embeddable":true,"href":"http:\/\/emaa.de\/index.php?rest_route=%2Fwp%2Fv2%2Fcategories&post=424"},{"taxonomy":"post_tag","embeddable":true,"href":"http:\/\/emaa.de\/index.php?rest_route=%2Fwp%2Fv2%2Ftags&post=424"}],"curies":[{"name":"wp","href":"https:\/\/api.w.org\/{rel}","templated":true}]}}