{"id":426,"date":"2015-01-14T14:05:11","date_gmt":"2015-01-14T13:05:11","guid":{"rendered":"http:\/\/www.emaa.de\/?p=426"},"modified":"2016-03-06T11:46:21","modified_gmt":"2016-03-06T10:46:21","slug":"europa-info-august-2008","status":"publish","type":"post","link":"http:\/\/emaa.de\/?p=426","title":{"rendered":"Europa Info August 2008"},"content":{"rendered":"<p><a href=\"http:\/\/www.emaa.de\/wp-878ef-content\/uploads\/2015\/01\/emaa_logo_01.jpg\"><img loading=\"lazy\" decoding=\"async\" class=\"alignnone size-full wp-image-267\" src=\"http:\/\/www.emaa.de\/wp-878ef-content\/uploads\/2015\/01\/emaa_logo_01.jpg\" alt=\"emaa_logo_01\" width=\"92\" height=\"92\" srcset=\"http:\/\/emaa.de\/wp-878ef-content\/uploads\/2015\/01\/emaa_logo_01.jpg 92w, http:\/\/emaa.de\/wp-878ef-content\/uploads\/2015\/01\/emaa_logo_01-48x48.jpg 48w\" sizes=\"auto, (max-width: 92px) 100vw, 92px\" \/><\/a><\/p>\n<h1>EMAA-EUROPA-INFOs August 2008<\/h1>\n<p>Sehr geehrte Kolleginnen und Kollegen,<\/p>\n<p>in dieser Ausgabe finden Sie folgende Themen:<\/p>\n<ul>\n<li><span class=\"internal-link\">Termine<\/span><\/li>\n<li><span class=\"internal-link\">EMAA-Lobbyarbeit<\/span><\/li>\n<li><span class=\"internal-link\">EUROPA von A \u2013 Z<\/span><\/li>\n<li><span class=\"internal-link\">Steuern und Recht<br \/>\n<\/span><\/li>\n<li><span class=\"internal-link\">EDV und Software<\/span><\/li>\n<li>Aktuelle Neuigkeiten in der internationalen Rechnungslegung<\/li>\n<li>Buchtipp<\/li>\n<\/ul>\n<p>Wir hoffen, Ihnen interessante Informationen und Beitr\u00e4ge liefern zu k\u00f6nnen!<br \/>\n<strong>Ihr EMAA-Team<\/strong><\/p>\n<div>\n<table class=\"imgtext-table\" border=\"0\" width=\"475\" cellspacing=\"0\" cellpadding=\"0\">\n<tbody>\n<tr>\n<td colspan=\"1\"><\/td>\n<\/tr>\n<tr>\n<td valign=\"top\"><img loading=\"lazy\" decoding=\"async\" title=\"\" src=\"http:\/\/emaa.de\/wp-878ef-content\/uploads\/2015\/02\/Spacer_d987b2_10.jpg\" alt=\"\" width=\"475\" height=\"16\" align=\"top\" border=\"0\" \/><\/td>\n<\/tr>\n<\/tbody>\n<\/table>\n<\/div>\n<p><a id=\"c632\"><\/a><\/p>\n<h3>EMAA AKTUELL<\/h3>\n<p><strong>TERMINE:<\/strong><\/p>\n<p><strong>EMAA-Fachtagung 2008:<br \/>\n<\/strong><\/p>\n<p>Die n\u00e4chste EMAA-Arbeitssitzung findet im\u00a0Okt. \u00a02008 in Bonn statt. Eine Anmeldung ist erforderlich.<\/p>\n<p>Weitere Infos zu den Terminen: <a href=\"http:\/\/www.emaa.de\/?cat=4\" target=\"page\">www.emaa.de\/58.0.html<\/a><\/p>\n<h3>Seminarangebote unserer Mitgliedsverb\u00e4nde<\/h3>\n<p><strong>BVBC; <\/strong><strong>Deutschland:<\/strong><\/p>\n<p>Information unter <a href=\"http:\/\/www.bvbc.de\/karriere-portal\/weiterbildung\/fachbereiche.html\" target=\"_blank\">http:\/\/www.bvbc.de\/karriere-portal\/weiterbildung\/fachbereiche.html<\/a><\/p>\n<p><strong>B\u00d6B<\/strong><a name=\"Klubseminare\"><\/a><strong>, \u00d6sterreich<\/strong><strong>:<\/strong><\/p>\n<p><strong>Klubseminare<\/strong><strong> im \u00dcberblick \u00d6sterreichweit\u00a0<\/strong><\/p>\n<p>K\u00e4rntner Steuertage vom 26.-27.9.2008 in Klagenfurt<\/p>\n<p>Salzburger Bildungstage am 27.+28. Nov. 2008 in Salzburg<\/p>\n<p>Information unter <a href=\"http:\/\/www.boeb.at\/Seminare\/seminar_inhalt.html\" target=\"_blank\">www.boeb.at\/Seminare\/seminar_inhalt.html<\/a><\/p>\n<p><strong>VEB, Schweiz:<\/strong><\/p>\n<p>Information unter <a href=\"http:\/\/www.veb.ch\/html\/veranstaltungen.html\" target=\"_blank\">www.veb.ch\/html\/veranstaltungen.html<\/a><\/p>\n<p><strong>SU, Tschechischen Republik:<\/strong><\/p>\n<p>Information unter <a href=\"http:\/\/www.svaz-ucetnich.cz\/\" target=\"_blank\">http:\/\/www.svaz-ucetnich.cz<\/a><\/p>\n<p>&nbsp;<\/p>\n<div>\n<table class=\"imgtext-table\" border=\"0\" width=\"475\" cellspacing=\"0\" cellpadding=\"0\">\n<tbody>\n<tr>\n<td colspan=\"1\"><\/td>\n<\/tr>\n<tr>\n<td valign=\"top\"><img loading=\"lazy\" decoding=\"async\" title=\"\" src=\"http:\/\/emaa.de\/wp-878ef-content\/uploads\/2015\/02\/Spacer_860836_10.jpg\" alt=\"\" width=\"475\" height=\"16\" align=\"top\" border=\"0\" \/><\/td>\n<\/tr>\n<\/tbody>\n<\/table>\n<\/div>\n<p><a id=\"c630\"><\/a><\/p>\n<h3>EMAA LOBBYARBEIT<\/h3>\n<p><strong>Willkommen auf der Homepage der<br \/>\nParit\u00e4tischen Kommission Bilanzbuchhaltungsberufe<\/p>\n<p>Seit ist 1. August die g\u00e4nzlich neu gestaltete und inhaltlich wesentlich erweiterte Website der Parit\u00e4tischen Kommission (\u00d6sterreich) online.<\/strong><\/p>\n<p>Wir informieren Sie \u00fcber die selbst\u00e4ndigen Rechnungswesenberufe als f\u00fcr die Implementierung und Vollziehung des Bilanzbuchhaltungsgesetzes (BibuG 2006) zust\u00e4ndige Beh\u00f6rde.<\/p>\n<p>Dort finden Sie auch Informationen zu Dienstleistungen im Ausland.<\/p>\n<p><a title=\"http:\/\/www.bilanzbuchhaltung.or.at\" href=\"http:\/\/www.bilanzbuchhaltung.or.at\/\" target=\"_blank\">www.bilanzbuchhaltung.or.at<\/a><\/p>\n<p>&nbsp;<\/p>\n<p><strong>18. Euro<\/strong><strong>-Fachtagung<\/strong><strong> der European Management Accountants Association e.V., EMAA, 13.-15. Juni\u00a0 2008 in Bad Ischl, \u00d6sterreich<\/strong><\/p>\n<p>Im Rahmen des Projektes \u201eVergleich der Qualifikationen in den EU L\u00e4ndern\u201c er\u00f6rterten die L\u00e4nderdelegierten der European Management Accountants Association (EMAA) die aktuellen nationale Fortbildungsstufen zum Bilanzbuchhalter in ihren L\u00e4ndern und den Fortschritt bei der Einf\u00fchrung von \u201eBildungspoints\u201c.<\/p>\n<p>An der 18. Euro-Fachtagung der EMAA Bad Ischl, \u00d6sterreich nahmen die Delegierten aus Deutschland, \u00d6sterreich, Schweiz sowie F\u00f6rdermitglieder teil.<\/p>\n<p>Das gemeinsame Ziel lautete nach den Worten von EMAA Pr\u00e4sident Udo Binias, eine Aufwertung des Berufstandes auf EU Ebene herbeizuf\u00fchren.<\/p>\n<p>Der EMAA-Pr\u00e4sident Udo Binias informierte die Teilnehmer \u00fcber den aktuellen Stand der laufenden EMAA-Aktivit\u00e4ten im Bereich der berufspolitischen Interessenvertretung in Europa. Auf welchen Wegen die EMAA\u00a0 beim\u00a0 Projekt \u201eBerufspolitische Interessenvertretung in Europa\u201c zum Ziel kommen k\u00f6nne, zitierte Udo Binias mit den\u00a0 wichtigsten Schritten:<\/p>\n<ul>\n<li>bei der zust\u00e4ndigen EU Kommission f\u00fcr Bildung ist der von uns gew\u00fcnschte Anerkennungsprozess zu erl\u00e4uterten<\/li>\n<li>dazu ist es erforderlich, dass die nationalen L\u00e4nder und deren Verb\u00e4nde aktiv an der Ausgestaltung mitarbeiten<\/li>\n<li>der zur Zeit diskutierte\u00a0 \u201eEurop\u00e4ische Qualifikationsrahmen\/Frame ( EQR \/ EQF ) ist das ma\u00dfgebliche Instrument nicht nur zum Abbau der Mobilit\u00e4tshemmnisse, sondern auch im Hinblick auf vergleichende Aussagen \u00fcber die Qualifikationen der Bilanzbuchhalter und Controller.<\/li>\n<\/ul>\n<p>Die Kollegen aus der Schweiz seien diesen Weg bereits gegangen und haben die eigenen Fortbildungsma\u00dfnahmen mit Punkten bewertet. Die Entwicklung eines Europ\u00e4ischen Qualifikationsrahmens befindet sich immer noch in einen Konsulationsprozess mit den nationalen Bildungs-Gremien, da deren Erhebungen noch nicht abgeschlossen sind.<br \/>\nAuf dem Programm standen weiter die Berichte zu folgenden Themen:<\/p>\n<ul>\n<li><strong>nationalen Mitgliederentwicklung,<\/strong><\/li>\n<li><strong>erfolgreichen Werbema\u00dfnahmen,<\/strong><\/li>\n<li><strong>Berufsstand und Gewinnung von F\u00f6rdermitgliedern und Sponsoren.<\/strong><\/li>\n<\/ul>\n<p><em>Wird fortgesetzt.<\/p>\n<p><\/em><\/p>\n<div>\n<table class=\"imgtext-table\" border=\"0\" width=\"475\" cellspacing=\"0\" cellpadding=\"0\">\n<tbody>\n<tr>\n<td colspan=\"1\"><\/td>\n<\/tr>\n<tr>\n<td valign=\"top\"><img loading=\"lazy\" decoding=\"async\" title=\"\" src=\"http:\/\/emaa.de\/wp-878ef-content\/uploads\/2015\/02\/Spacer_8e9001_10.jpg\" alt=\"\" width=\"475\" height=\"16\" align=\"top\" border=\"0\" \/><\/td>\n<\/tr>\n<\/tbody>\n<\/table>\n<\/div>\n<p><a id=\"c628\"><\/a><\/p>\n<h3>EUROPA VON A &#8211; Z<\/h3>\n<p>Am 6. Mai 2008 wurde im Amtsblatt der EU (2008 \/ C111 \/01) ver\u00f6ffentlicht, dass das europ\u00e4ische Parlament und der Rat am 23. April eine Empfehlung zur Einrichtung der Europ\u00e4ischen Qualifikationsrahmen f\u00fcr lebenslanges Lernen beschlossen hat. Angeh\u00e4ngt sind in dieser Ver\u00f6ffentlichung im Anhang II die Deskriptoren zur Beschreibung der Niveaus des Europ\u00e4ischen Qualifikationsrahmens (EQR) der in acht Stufen (Niveaus) gegliedert ist.<\/p>\n<p>Die Datei mit den Stufen kann bei der EMAA angefordert werden.<\/p>\n<p><strong>Bilanzbuchhaltung in der Tschechischen Republik<\/p>\n<p><\/strong><\/p>\n<p>Seit 1. Juli 2008 sind Arbeiten \u00fcber die Grenze im Bereich sog. \u201ereglementiertes Gewerbe\u201c nur mit vorheriger Meldung erlaubt. Der Grund ist, dass im Juli 2008 in Tschechien das Gesetz Nr. 189\/2008, das mit dem Gesetz Nr. 18\/2004 \u00fcber die Anerkennung von Berufsqualifikationen\u00a0sowie gleichzeitig das Gewerbegesetz Nr. 455\/1991 i.a.F. ge\u00e4ndert\u00a0wurde, in Kraft getreten ist. Durch diese Gesetzes\u00e4nderung wurde die EU-Richtlinie 2005\/36\/EG \u00fcber die Anerkennung von Berufsqualifikationen in Tschechien umgesetzt.<\/p>\n<p>Es ist\u00a0 aus gewerberechtlicher Sicht zu unterscheiden, ob es sich um eine in Tschechien\u00a0reglementierte T\u00e4tigkeit handelt oder ob die T\u00e4tigkeit nicht reglementiert ist.\u00a0Unter reglementierte Gewerbe fallen all jene Gewerbe, f\u00fcr deren Ausf\u00fchrung in Tschechien eine Fachbef\u00e4higung notwendig ist, d.h.\u00a0die Handwerkergewerbe sowie die gebundenen und konzessionierten Gewerbe.<\/p>\n<p><strong>Berufe Bilanzbuchhalter, Personalverrechner, Buchhalter<\/p>\n<p><\/strong>F\u00fcr \u00f6sterreichische Bilanzbuchhalter, Personalverrechner und Buchhalter, die zum reglementierten Gewerbe \u201eT\u00e4tigkeit von Buchhaltungsberatern, Buchhaltungsf\u00fchrung und F\u00fchrung von Steuerevidenz\u201c \u2013 tschechisch \u201e\u010cinnost \u00fa\u010detn\u00edch poradc\u016f, veden\u00ed \u00fa\u010detnictv\u00ed, veden\u00ed da\u0148ov\u00e9 evidence\u201c geh\u00f6ren, ist eine Anmeldung beim Ministerium f\u00fcr Industrie und Handel notwendig.<\/p>\n<p>Grunds\u00e4tzlich sind laut dem \u00f6sterreichischen Gewerbegesetz folgende Qualifikationsvoraussetzungen zur erf\u00fcllen:<\/p>\n<p>a)\u00a0Hochschulausbildung und 3 Jahre Praxis im entsprechenden Bereich, oder<br \/>\nb) Fachhochschule mit 5 Jahre Praxis im entsprechenden Bereich, oder<br \/>\nc) Mittelschule mit 5 Jahre Praxis im entsprechenden Bereich, oder<br \/>\nd) Zeugnis \u00fcber Umschulung oder andere akkreditierte Ausbildung mit 5 Jahre Praxis im entsprechenden Bereich<\/p>\n<p>Interessenten k\u00f6nnen bei der Parit\u00e4tischen Kommission ein Merkblatt anfordern , wo sie eine Beschreibung der Prozedere, Formulare und Kontakte finden.\u00a0<a href=\"http:\/\/www.bilanzbuchhaltung.or.at\/de\/desktopdefault.aspx\/tabid-177\/\" target=\"_blank\">http:\/\/www.bilanzbuchhaltung.or.at\/de\/desktopdefault.aspx\/tabid-177\/<\/a><\/p>\n<p>&nbsp;<\/p>\n<div>\n<table class=\"imgtext-table\" border=\"0\" width=\"475\" cellspacing=\"0\" cellpadding=\"0\">\n<tbody>\n<tr>\n<td colspan=\"1\"><\/td>\n<\/tr>\n<tr>\n<td valign=\"top\"><img loading=\"lazy\" decoding=\"async\" title=\"\" src=\"http:\/\/emaa.de\/wp-878ef-content\/uploads\/2015\/02\/Spacer_764b33_10.jpg\" alt=\"\" width=\"475\" height=\"16\" align=\"top\" border=\"0\" \/><\/td>\n<\/tr>\n<\/tbody>\n<\/table>\n<\/div>\n<p><a id=\"c626\"><\/a><\/p>\n<h3>STEUERN UND RECHT<\/h3>\n<p><strong>EU will mehr Ausnahmen bei Mehrwertsteuer<\/strong><\/p>\n<p>Mitgliedsl\u00e4nder nutzen bereits bestehende M\u00f6glichkeiten unterschiedlich &#8211; Deutschland bremstDie EU will die Steuern auf Reparatur-, Reinigungs- und Wartungsdienste, h\u00e4usliche Pflegeleistungen und Gartenarbeiten sowie auf Ger\u00e4te f\u00fcr Behinderte oder H\u00f6rb\u00fccher senken. Das Ziel sind neue Jobs und weniger Schwarzarbeit.Die EU-Kommission hat den EU-Regierungen vorgeschlagen, dass sie auf arbeitsintensive und auf lokale Dienstleistungen, aber auch auf ausgesuchte G\u00fcter, wie Ger\u00e4te f\u00fcr Behinderte, in Zukunft verringerte Mehrwertsteuers\u00e4tze anwenden k\u00f6nnen. Den Mitgliedstaaten soll es aber weiterhin freigestellt bleiben, ob sie erm\u00e4\u00dfigte Mehrwertsteuers\u00e4tze anwenden oder nicht. Die derzeit g\u00fcltige EU-Mehrwertsteuerrichtlinie sieht schon jetzt bei bestimmten Dienstleistungen und G\u00fctern erm\u00e4\u00dfigte S\u00e4tze vor.<\/p>\n<p>Die Grundregeln der EU schreiben f\u00fcr die normale Mehrwertsteuer einen Mindestsatz von 15 Prozent und f\u00fcr die reduzierte Steuer mindestens f\u00fcnf Prozent vor. Die EU-Staaten machen jedoch auf sehr unterschiedliche Weise von diesen Regeln Gebrauch. Eine F\u00fclle von Ausnahmen kompliziert zudem das System, das 2010 auslaufen wird. So nutzen zum Beispiel nur elf EU-Mitgliedstaaten die M\u00f6glichkeit, Gastst\u00e4tten durch verringerte Mehrwertsteuer zu entlasten, die 16 anderen, darunter Deutschland, machen davon keinen Gebrauch.Bei zahlreichen arbeitsintensiven Dienstleistungen, die zudem lokal erbracht werden, wie kleine Reparaturleistungen des t\u00e4glichen Bedarfs oder im Wohnungsbau, bestehe keine Gefahr, dass erm\u00e4\u00dfigte Steuers\u00e4tze den Wettbewerb auf dem Binnenmarkt verzerren, stellt die EU-Kommission fest.<\/p>\n<p>&#8222;In arbeitsintensiven Sektoren soll es die Gewissheit geben, dass auch nach 2010 erm\u00e4\u00dfigte Mehrwertsteuers\u00e4tze fortbestehen&#8220;, sagte am Montag EU-Kommissar L\u00e1szl\u00e3 Kov\u00e1cs, der in Br\u00fcssel f\u00fcr Steuern zust\u00e4ndig ist.Die von der Kommission vorgeschlagene \u00c4nderung der EU-Mehrwertsteuerrichtlinie soll das Regelwerk, das durch zahlreiche Ausnahmen viel zu kompliziert geworden ist, zumindest etwas einfacher machen. So soll beim Wohnungsbau die bisher geltende Beschr\u00e4nkung auf den &#8222;sozialen Wohnungsbau&#8220; wegfallen. K\u00fcnftig soll es m\u00f6glich sein, auf alle Arbeiten &#8211; von der Altbaurenovierung \u00fcber die Instandsetzungsarbeiten bis zur Reinigung &#8211; erm\u00e4\u00dfigte S\u00e4tze anzuwenden.<\/p>\n<p>Mit dem Vorschlag, es den Regierungen freizustellen, auch k\u00fcnftig Restaurants mit verringerter Mehrwertsteuer zu entlasten, ist die EU-Kommission einer alten Forderung Frankreichs entgegengekommen. Erweitert wird die Liste der Dienstleistungen, bei denen erm\u00e4\u00dfigte S\u00e4tze m\u00f6glich werden, durch den Bereich der Reparaturdienste von Schuhen, Uhren, Kleidung und Fahrr\u00e4dern bis zu Computern. Friseure und Kosmetikinstitute werden schon heute in einigen EU-Staaten privilegiert. Auch Arzneimittel unterliegen schon bis jetzt in den meisten EU-Staaten der verringerten Steuer. In Zukunft sollen auch Hygieneprodukte wie Babywindeln und medizinische Ger\u00e4te, aber auch zum Beispiel speziell nachger\u00fcstete Fahrzeuge f\u00fcr Behinderte oder Tastaturen f\u00fcr Blindenschrift von den normalen Steuers\u00e4tzen befreit werden.<\/p>\n<p>W\u00e4hrend Mittelstandsvertreter und der Zentralverband des Deutschen Handwerks (ZDH) die Vorschl\u00e4ge der Kommission begr\u00fc\u00dfen, sind dem deutschen Finanzminister seit langem die vielen Ausnahmen und die lange Liste der Dienstleistungen mit erm\u00e4\u00dfigter Mehrwertsteuer ein Dorn im Auge. Die Bundesregierung hat deshalb schon in der vergangenen Woche Widerstand gegen die Vorschl\u00e4ge des EU-Steuerkommissars angek\u00fcndigt. Die Chancen, dass sich Kov\u00e1cs mit seinen Pl\u00e4nen zur Steuersenkung durchsetzt, sind deshalb schlecht. Denn Beschl\u00fcsse zum Thema Steuern k\u00f6nnen im EU-Ministerrat nur einstimmig gefasst werden.(verfasst von Thomas Gack)<\/p>\n<div>\n<table class=\"imgtext-table\" border=\"0\" width=\"475\" cellspacing=\"0\" cellpadding=\"0\">\n<tbody>\n<tr>\n<td colspan=\"1\"><\/td>\n<\/tr>\n<tr>\n<td valign=\"top\"><img loading=\"lazy\" decoding=\"async\" title=\"\" src=\"http:\/\/emaa.de\/wp-878ef-content\/uploads\/2015\/02\/Spacer_fc8554_10.jpg\" alt=\"\" width=\"475\" height=\"16\" align=\"top\" border=\"0\" \/><\/td>\n<\/tr>\n<\/tbody>\n<\/table>\n<\/div>\n<p>EDV UND SOFTWARE<\/p>\n<p><strong>&#8222;Datev Pro&#8220;<br \/>\n<\/strong><br \/>\nDie neue Software-Generation &#8222;Datev Pro&#8220; hat die Pilotphase erreicht und wird derzeit von ausgew\u00e4hlten Kanzleien auf Alltags\u00adtauglichkeit getestet. Die Marktfreigabe ist f\u00fcr das zweite Halbjahr 2009 geplant.<\/p>\n<p><strong>\u201eSoftware Guide\u201c<\/strong><\/p>\n<p>Software Guide ist ein Weblog und bietet zudem viele Tipps, Anleitungen und Downloads in den Bereichen <a href=\"http:\/\/sw-guide.de\/anwendungen\/\" target=\"_blank\">Anwendungssoftware<\/a>, <a href=\"http:\/\/sw-guide.de\/webdienste-blogging\/\" target=\"_blank\">Blogs &amp; Blogging<\/a>, <a href=\"http:\/\/sw-guide.de\/webdesign-und-entwicklung\/\" target=\"_blank\">Webdesign &amp; Entwicklung<\/a> und <a href=\"http:\/\/sw-guide.de\/wordpress\/\" target=\"_blank\">WordPress<\/a>.<\/p>\n<p><a href=\"http:\/\/sw-guide.de\/\" target=\"_blank\">http:\/\/sw-guide.de\/<\/a><\/p>\n<p>&nbsp;<\/p>\n<p>&nbsp;<\/p>\n<div>\n<table class=\"imgtext-table\" border=\"0\" width=\"475\" cellspacing=\"0\" cellpadding=\"0\">\n<tbody>\n<tr>\n<td colspan=\"1\"><\/td>\n<\/tr>\n<tr>\n<td valign=\"top\"><img loading=\"lazy\" decoding=\"async\" title=\"\" src=\"http:\/\/emaa.de\/wp-878ef-content\/uploads\/2015\/02\/Spacer_405408_10.jpg\" alt=\"\" width=\"475\" height=\"16\" align=\"top\" border=\"0\" \/><\/td>\n<\/tr>\n<\/tbody>\n<\/table>\n<\/div>\n<p><a id=\"c621\"><\/a><\/p>\n<h3>AKTUELLE NEUIGKEITEN IN DER INTERNATIONALEN RECHNUNGSLEGUNG<\/h3>\n<p><strong>BC Bilanzbuchhalter und Controller, Beck Verlag<\/strong><\/p>\n<p><strong><em>Wichtige Links f\u00fcr Rechnungswesenpraktiker<\/em><\/strong><\/p>\n<p>&nbsp;<\/p>\n<table border=\"1\" width=\"616\" cellspacing=\"0\" cellpadding=\"0\">\n<tbody>\n<tr>\n<td width=\"104\"><strong><span lang=\"EN-GB\">Fundierte Fach-Infos<\/span><\/strong><\/td>\n<td width=\"512\">\n<ul type=\"disc\">\n<li><strong>Framework <\/strong>, s\u00e4mtliche Standards und Interpretations der IFRS sowohl in Deutsch als auch in Englisch abrufbar:<br \/>\n<span lang=\"EN-GB\"><a href=\"http:\/\/rsw.beck.de\/rsw\/shop\/extern_redirect.asp?sessionid=D1FA603215804A188BDF324511530313&amp;EXTURL=http:\/\/www.ifrs-portal.com\/\" target=\"_blank\"><span lang=\"DE\">http:\/\/www.ifrs-portal.com<\/span><\/a><\/span><\/li>\n<li><strong>komprimierte <\/strong>und gut strukturierte <strong>Fassung der einzelnen Standards: <\/strong><br \/>\n<span lang=\"EN-GB\"><a href=\"http:\/\/rsw.beck.de\/rsw\/shop\/extern_redirect.asp?sessionid=D1FA603215804A188BDF324511530313&amp;EXTURL=http:\/\/www.iasplus.de\/standards\/standards.php\" target=\"_blank\"><span lang=\"DE\">http:\/\/www.iasplus.de\/standards\/standards.php<\/span><\/a><\/span><\/li>\n<li><strong>Online-Trainingsprogramm <\/strong>f\u00fcr internationale Rechnungslegung:<br \/>\n<span lang=\"EN-GB\"><a href=\"http:\/\/rsw.beck.de\/rsw\/shop\/extern_redirect.asp?sessionid=D1FA603215804A188BDF324511530313&amp;EXTURL=http:\/\/www.kpmg.de\/topics\/ifrstrainer\/index.html\" target=\"_blank\"><span lang=\"DE\">http:\/\/www.kpmg.de\/topics\/ifrstrainer\/index.html <\/span><\/a><\/span><\/li>\n<\/ul>\n<\/td>\n<\/tr>\n<\/tbody>\n<\/table>\n<p>&nbsp;<\/p>\n<p><strong>Was sind IFRS \/ IAS ?<\/strong><\/p>\n<p>Das Bed\u00fcrfnis nach internationaler Vergleichbarkeit der Rechnungslegung w\u00e4chst stetig. Bereits 1973 wurde das International Accounting Standards Committee (IASC) als privatrechtlicher Verein nationaler Verb\u00e4nde von Rechnungslegern und Wirtschaftspr\u00fcfern, mit Sitz in London gegr\u00fcndet. Gro\u00dfe Beachtung findet das IASC seit die EU im Jahr 2000 beschloss, bei der Fortentwicklung von Rechnungslegungsvorschriften mit dem IASC zusammenzuarbeiten. Viele Antworten auf Fragen finden Sie unter<br \/>\n<a href=\"http:\/\/www.ifrs-portal.com\/Grundlagen\/Glossar\/Glossar_01.htm\" target=\"_blank\">http:\/\/www.ifrs-portal.com\/Grundlagen\/Glossar\/Glossar_01.htm<\/a><\/p>\n<p>&nbsp;<\/p>\n<div>\n<table class=\"imgtext-table\" border=\"0\" width=\"475\" cellspacing=\"0\" cellpadding=\"0\">\n<tbody>\n<tr>\n<td colspan=\"1\"><\/td>\n<\/tr>\n<tr>\n<td valign=\"top\"><img loading=\"lazy\" decoding=\"async\" title=\"\" src=\"http:\/\/emaa.de\/wp-878ef-content\/uploads\/2015\/02\/Spacer_fe62a7_16.jpg\" alt=\"\" width=\"475\" height=\"16\" align=\"top\" border=\"0\" \/><\/td>\n<\/tr>\n<\/tbody>\n<\/table>\n<\/div>\n<p><a id=\"c619\"><\/a><\/p>\n<h3>BUCHTIPP<\/h3>\n<p><strong>Wichtige Rechtstexte Europ\u00e4isches Wirtschaftsverwaltungsrecht<\/strong><\/p>\n<p>Herausgegeben von Professor Dr. Dr. h.c. mult. Rolf Stober. Bearbeitet von der NWB Redaktion.<\/p>\n<p>Reihe: Textausgabe.<\/p>\n<p>2008. XII, 1.136 Seiten. Broschur.<\/p>\n<p>\u20ac 16,80 (D) \/ sFr 29,50<\/p>\n<p>ISBN 978-3-482-<strong>58581<\/strong>-4<\/p>\n<p>Das europ\u00e4ische Wirtschaftsverwaltungsrecht ist f\u00fcr Fachberater und die \u00f6ffentliche<\/p>\n<p>Verwaltung von zunehmender Wichtigkeit, zumal zahlreiche nationale Gesetze auf die europarechtlichen Grundlagen verweisen. Auch f\u00fcr die universit\u00e4re Ausbildung ist dieser Bereich des europ\u00e4ischen Rechts von wachsender Bedeutung.<\/p>\n<p>Dieser Band, der die wichtigen europ\u00e4ischen Texte im Wirtschaftsverwaltungsrecht nach vollzogener Konsolidierung vereinigt, ist in der vorliegenden Form auf dem Markt bisher nicht erh\u00e4ltlich. Der Aufbau der Textausgabe orientiert sich an der Gliederung des EG-Vertrags und bildet zun\u00e4chst das Prim\u00e4rrecht ab. Das Sekund\u00e4rrecht wird im Anschluss streng systematisch nach den jeweiligen Grundfreiheiten wiedergegeben.<\/p>\n<p>Mit dieser Ausgabe wird eine thematisch und konzeptionell bestehende Marktl\u00fccke geschlossen und eine Textausgabe angeboten, die sich sowohl f\u00fcr den Unterricht an Hochschulen und Fachhochschulen im europarechtlichen Kontext als auch in den entsprechenden nationalen Fachgebieten eignet.<\/p>\n<p>&nbsp;<\/p>\n<div>\n<table class=\"imgtext-table\" border=\"0\" width=\"475\" cellspacing=\"0\" cellpadding=\"0\">\n<tbody>\n<tr>\n<td colspan=\"1\"><\/td>\n<\/tr>\n<tr>\n<td valign=\"top\"><img loading=\"lazy\" decoding=\"async\" title=\"\" src=\"http:\/\/emaa.de\/wp-878ef-content\/uploads\/2015\/02\/Spacer_fe62a7_15.jpg\" alt=\"\" width=\"475\" height=\"16\" align=\"top\" border=\"0\" \/><\/td>\n<\/tr>\n<\/tbody>\n<\/table>\n<\/div>\n<p><a id=\"c617\"><\/a><\/p>\n<p>M\u00f6chten Sie k\u00fcnftig die EMAA-EUROPA-INFOs nicht mehr beziehen, k\u00f6nnen Sie den Service jederzeit mit einer Mitteilung an die EMAA (<a>kontakt@emaa.de<\/a>) stornieren.<\/p>\n<p>European Management Accountants Association e.V<br \/>\nEMAA e.V.<br \/>\nAm Propsthof 15 &#8211; 17<br \/>\n53121 Bonn<br \/>\nTelefon: +49 (0)228 &#8211; 9 63 93 18, Telefax: +49 (0)228 &#8211; 9 63 93 14<br \/>\nE-Mail: <a>kontakt@emaa.de<\/a>\u00a0 Internet: <a href=\"http:\/\/www.emaa.de\/\" target=\"_blank\">http:\/\/www.emaa.de<\/a><\/p>\n<p>&nbsp;<\/p>\n","protected":false},"excerpt":{"rendered":"<p>EMAA-EUROPA-INFOs August 2008 Sehr geehrte Kolleginnen und Kollegen, in dieser Ausgabe finden Sie folgende Themen: Termine EMAA-Lobbyarbeit EUROPA von A \u2013 Z Steuern und Recht EDV und Software Aktuelle Neuigkeiten in der internationalen Rechnungslegung Buchtipp Wir hoffen, Ihnen interessante Informationen und Beitr\u00e4ge liefern zu k\u00f6nnen! Ihr EMAA-Team EMAA AKTUELL TERMINE: EMAA-Fachtagung 2008: Die n\u00e4chste EMAA-Arbeitssitzung [&hellip;]<\/p>\n","protected":false},"author":1,"featured_media":0,"comment_status":"closed","ping_status":"closed","sticky":false,"template":"","format":"standard","meta":{"footnotes":""},"categories":[29,262,280],"tags":[],"class_list":["post-426","post","type-post","status-publish","format-standard","hentry","category-europa-info","category-frankreich","category-tschechien"],"_links":{"self":[{"href":"http:\/\/emaa.de\/index.php?rest_route=\/wp\/v2\/posts\/426","targetHints":{"allow":["GET"]}}],"collection":[{"href":"http:\/\/emaa.de\/index.php?rest_route=\/wp\/v2\/posts"}],"about":[{"href":"http:\/\/emaa.de\/index.php?rest_route=\/wp\/v2\/types\/post"}],"author":[{"embeddable":true,"href":"http:\/\/emaa.de\/index.php?rest_route=\/wp\/v2\/users\/1"}],"replies":[{"embeddable":true,"href":"http:\/\/emaa.de\/index.php?rest_route=%2Fwp%2Fv2%2Fcomments&post=426"}],"version-history":[{"count":1,"href":"http:\/\/emaa.de\/index.php?rest_route=\/wp\/v2\/posts\/426\/revisions"}],"predecessor-version":[{"id":427,"href":"http:\/\/emaa.de\/index.php?rest_route=\/wp\/v2\/posts\/426\/revisions\/427"}],"wp:attachment":[{"href":"http:\/\/emaa.de\/index.php?rest_route=%2Fwp%2Fv2%2Fmedia&parent=426"}],"wp:term":[{"taxonomy":"category","embeddable":true,"href":"http:\/\/emaa.de\/index.php?rest_route=%2Fwp%2Fv2%2Fcategories&post=426"},{"taxonomy":"post_tag","embeddable":true,"href":"http:\/\/emaa.de\/index.php?rest_route=%2Fwp%2Fv2%2Ftags&post=426"}],"curies":[{"name":"wp","href":"https:\/\/api.w.org\/{rel}","templated":true}]}}