{"id":428,"date":"2015-01-14T14:06:28","date_gmt":"2015-01-14T13:06:28","guid":{"rendered":"http:\/\/www.emaa.de\/?p=428"},"modified":"2016-03-06T12:23:24","modified_gmt":"2016-03-06T11:23:24","slug":"europa-info-september-2008","status":"publish","type":"post","link":"http:\/\/emaa.de\/?p=428","title":{"rendered":"Europa Info September 2008"},"content":{"rendered":"<p><a href=\"http:\/\/www.emaa.de\/wp-878ef-content\/uploads\/2015\/01\/emaa_logo_01.jpg\"><img loading=\"lazy\" decoding=\"async\" class=\"alignnone size-full wp-image-267\" src=\"http:\/\/www.emaa.de\/wp-878ef-content\/uploads\/2015\/01\/emaa_logo_01.jpg\" alt=\"emaa_logo_01\" width=\"92\" height=\"92\" srcset=\"http:\/\/emaa.de\/wp-878ef-content\/uploads\/2015\/01\/emaa_logo_01.jpg 92w, http:\/\/emaa.de\/wp-878ef-content\/uploads\/2015\/01\/emaa_logo_01-48x48.jpg 48w\" sizes=\"auto, (max-width: 92px) 100vw, 92px\" \/><\/a><\/p>\n<h1>EMAA-EUROPA-INFOs September 2008<\/h1>\n<p>Sehr geehrte Kolleginnen und Kollegen,<\/p>\n<p>in dieser Ausgabe finden Sie folgende Themen:<\/p>\n<ul>\n<li><span class=\"internal-link\">Termine<\/span><\/li>\n<li><span class=\"internal-link\">EMAA-Lobbyarbeit<\/span><\/li>\n<li><span class=\"internal-link\">EUROPA von A \u2013 Z<\/span><\/li>\n<li><span class=\"internal-link\">Steuern und Recht<br \/>\n<\/span><\/li>\n<li><span class=\"internal-link\">EDV und Software<\/span><\/li>\n<li>Aktuelle Neuigkeiten in der internationalen Rechnungslegung<\/li>\n<li>Buchtipp<\/li>\n<\/ul>\n<p>Wir hoffen, Ihnen interessante Informationen und Beitr\u00e4ge liefern zu k\u00f6nnen!<br \/>\n<strong>Ihr EMAA-Team<\/strong><\/p>\n<div>\n<table class=\"imgtext-table\" border=\"0\" width=\"475\" cellspacing=\"0\" cellpadding=\"0\">\n<tbody>\n<tr>\n<td colspan=\"1\"><\/td>\n<\/tr>\n<tr>\n<td valign=\"top\"><img loading=\"lazy\" decoding=\"async\" title=\"\" src=\"http:\/\/emaa.de\/wp-878ef-content\/uploads\/2015\/02\/Spacer_d987b2_11.jpg\" alt=\"\" width=\"475\" height=\"16\" align=\"top\" border=\"0\" \/><\/td>\n<\/tr>\n<\/tbody>\n<\/table>\n<\/div>\n<p><a id=\"c651\"><\/a><\/p>\n<h3>EMAA AKTUELL<\/h3>\n<p><strong>TERMINE:\u00a0\u00a0\u00a0\u00a0<\/strong><\/p>\n<p>Die n\u00e4chste EMAA-Arbeitssitzung findet am 11. Oktober 2008 in Bonn statt. Eine Anmeldung ist erforderlich.<\/p>\n<p>Weitere Infos zu den Terminen: <a href=\"http:\/\/www.emaa.de\/?cat=4\" target=\"page\">www.emaa.de\/58.0.html<\/a><\/p>\n<p>&nbsp;<\/p>\n<p><strong>Seminarangebote unserer Mitgliedsverb\u00e4nde<\/strong><\/p>\n<p><strong>BVBC; <\/strong><strong>Deutschland<\/strong><\/p>\n<p>\u201aDie Verwaltung und Bilanzierung des Anlageverm\u00f6gens\u2019, am 23.\/24.10.2008, von 9.00 Uhr &#8211; 17.00 Uhr, im Hotel Bayerischer Wirt in Augsburg<\/p>\n<p>\u201aAnlageverm\u00f6gen nach IFRS\u2019, am 25.10.2008, von 9.00 Uhr &#8211; 17.00 Uhr, im Hotel Bayerischer Wirt in Augsburg<\/p>\n<p>\u201aNPO Praxistag 2008\u2019, am Dienstag, 18.11.2008, von 10.00 Uhr -17.00 Uhr, im Haus am Dom in Frankfurt<\/p>\n<p>Information unter <a href=\"http:\/\/www.bvbc.de\/karriere-portal\/weiterbildung\/fachbereiche.html\" target=\"_blank\">http:\/\/www.bvbc.de\/karriere-portal\/weiterbildung\/fachbereiche.html<\/a><\/p>\n<p>&nbsp;<\/p>\n<p><strong>B\u00d6B<a name=\"Klubseminare\"><\/a>, \u00d6sterreich<\/strong><\/p>\n<p><strong>Klubseminare<\/strong><strong> im \u00dcberblick \u00f6sterreichweit\u00a0<\/strong><\/p>\n<p>\u201aK\u00e4rntner Steuertage\u2019, \u00a0vom 26.-27.09.2008, in Klagenfurt<\/p>\n<p>Vortrag &#8222;Stundensatzkalkulation f\u00fcr KMUs&#8220; am Donnerstag, 16.10.2008,<\/p>\n<p>18.00 Uhr \u2013 21.30 Uhr, bfi 5020 Salzburg, Schillerstra\u00dfe 30.<\/p>\n<p>Referent: Prof. Mag. Thomas Heidinger, Professor an der HAK I und WIFI Salzburg, f\u00fcr Buchhalter- und Bilanzbuchhalter-Gegenst\u00e4nde<\/p>\n<p>Information\/Anmeldung:<\/p>\n<p><a href=\"file:\/\/\/C:\/Documents%20and%20Settings\/Binias\/Local%20Settings\/Temporary%20Internet%20Files\/OLK64\/www.boeb.at\/willi\/sbg16102008.pdf\" target=\"_blank\">www.boeb.at\/willi\/sbg16102008.pdf<\/a><\/p>\n<p>&nbsp;<\/p>\n<p>\u201aSalzburger Bildungstage\u2019, am 27.+28.11.2008, in Salzburg<\/p>\n<p>Information unter <a href=\"http:\/\/www.boeb.at\/willi\/sbg2008.pdf\" target=\"_blank\">www.boeb.at\/willi\/sbg2008.pdf<\/a><\/p>\n<p>Weitere Information unter <a href=\"http:\/\/www.boeb.at\/Seminare\/seminar_inhalt.html\" target=\"_blank\">www.boeb.at\/Seminare\/seminar_inhalt.html<\/a><\/p>\n<p>&nbsp;<\/p>\n<p><strong>VEB, Schweiz<\/strong><\/p>\n<p>Information unter <a href=\"http:\/\/www.veb.ch\/html\/veranstaltungen.html\" target=\"_blank\">www.veb.ch\/html\/veranstaltungen.html<\/a><\/p>\n<p>&nbsp;<\/p>\n<p><strong>SU, Tschechische Republik:<\/strong><\/p>\n<p>Information unter <a href=\"http:\/\/www.svaz-ucetnich.cz\/\" target=\"_blank\">http:\/\/www.svaz-ucetnich.cz<\/a><\/p>\n<p>&nbsp;<\/p>\n<div>\n<table class=\"imgtext-table\" border=\"0\" width=\"475\" cellspacing=\"0\" cellpadding=\"0\">\n<tbody>\n<tr>\n<td colspan=\"1\"><\/td>\n<\/tr>\n<tr>\n<td valign=\"top\"><img loading=\"lazy\" decoding=\"async\" title=\"\" src=\"http:\/\/emaa.de\/wp-878ef-content\/uploads\/2015\/02\/Spacer_860836_11.jpg\" alt=\"\" width=\"475\" height=\"16\" align=\"top\" border=\"0\" \/><\/td>\n<\/tr>\n<\/tbody>\n<\/table>\n<\/div>\n<p><a id=\"c649\"><\/a><\/p>\n<h3>EMAA LOBBYARBEIT<\/h3>\n<p><strong>18. Euro-Fachtagung der European Management Accountants Association e.V., EMAA, 13.-15. Juni 2008 in Bad Ischl, \u00d6sterreich<\/strong><\/p>\n<p><em><strong>Neuausrichtung der EMAA<\/strong><\/em><\/p>\n<p>Die Bestrebung der EMAA-Pr\u00e4sidenten, eine zukunftsgerechte Verbandsausrichtung zu garantieren, war Anlass, im Rahmen der Fachtagung \u00fcber eine evtl. Neuausrichtung der EMAA zu diskutieren.<\/p>\n<p>Auf Basis der durch die EMAA durchgef\u00fchrten Umfrage w\u00e4hrend der BVBC Fachmesse REWECO in Koblenz, konnte die Meinung der hochkar\u00e4tigen Kongressbesuchern zu folgenden Fragen zur Kenntnis genommen werden.<\/p>\n<ol type=\"1\">\n<li>welche aktuelle europ\u00e4ische Aufgaben \/ Projekte in den Mitgliedsl\u00e4ndern<br \/>\nA, D, CZ und CH<\/li>\n<li>F\u00f6rdermitglied der EMAA werden, Grund \/ Motivation \/ Voraussetzung<\/li>\n<li>welches europ\u00e4ische Land sollte Ihrer Meinung nach, n\u00e4chstes Vollmitglied der EMAA werden<\/li>\n<\/ol>\n<p>Kernaussagen aus der EMAA-Umfrage waren, die EMAA solle wichtigerweise folgende Themen kurzfristig bearbeiten:<\/p>\n<ol type=\"1\">\n<li><span lang=\"EN-GB\">die gegenseitige Anerkennung der Zertifikate<\/span><\/li>\n<li>Zusammenarbeit von Buchhaltern, Bilanzbuchhaltern und Controllern in Europa<\/li>\n<li>Harmonisierung der nationalen Ausbildungs- und Pr\u00fcfungs-vorschriften<\/li>\n<\/ol>\n<p>Weiterhin wurde gefordert, die EMAA m\u00f6ge die Kontaktvermittlung, Beratung und den Erfahrungsaustausch in den Mitgliedsl\u00e4ndern weiter ausbauen und die Zusammenarbeit mit den Nachbarl\u00e4ndern Frankreich und Niederlande intensivieren.<\/p>\n<p>Udo Binias wies darauf hin, das die Arbeiten zur Anerkennung (1) laufen und die L\u00f6sung darin bestehe, die laufende\u00a0 Analyse der Pr\u00fcfung und Zeugnisvergabe in A, CH, D und CZ durch vergleichbare Institutionen und nach vergleichbaren Kriterien, kurzfristig fertig zu stellen.<\/p>\n<p><em><strong>Der &#8222;European Management Accountant EMA\u00ae&#8220; als Markenschutz und exklusive Verwendung des Namens<\/strong> <strong>&#8222;European Management Accountant EMA\u00ae<\/p>\n<p><\/strong><\/em>In einem Kurzstatement erl\u00e4utert Gerhard Peirhofer, Obmann des Clubs Ober\u00f6sterreichischer BilanzbuchhalterInnen den Stand des beantragten EU-weiten \u201eEMA\u201c Wort\/Bild Markenschutz beim Patentamt Wien. Unser zweiter Versuch zur EU weiten Patentierung der Trademark\u00ae habe nun Erfolg gehabt. Der Markenschutz \u201eEMA\u201c sei\u00a0 jetzt f\u00fcr 10 Jahre gew\u00e4hrleistet. Bekanntlich sei\u00a0 die Vermarktung des Titels EMA\u00ae durch die Wirtschaftsf\u00f6rderungsinstitute in \u00d6sterreich seit einigen Jahren unter Vertrag, ein weiterer Vertragsabschluss mit einem Institut in \u00d6sterreich stehe bevor. Ebenfalls habe der Tschechische Verbund SU (Union Accoutant) \u00a0signalisiert, den zukunftsweisenden Titel EMA\u00ae in Tschechischen Republik einzuf\u00fchren.<\/p>\n<p><em><strong>Nationalen Mitgliederentwicklung<\/strong><\/em><\/p>\n<p>In den vier Mitgliedsverb\u00e4nden hat die Anzahl der Mitglieder in diesem Jahr die Barriere 25.000 endlich \u00fcberschritten. Ein deutlicher Zuwachs bei der SU, Tschechischen Republik habe dazu gef\u00fchrt.<\/p>\n<p><em><strong>Gewinnung von F\u00f6rdermitgliedern und Sponsoren<\/strong><\/em><\/p>\n<p>Unsere Werbema\u00dfnahme zur Gewinnung von F\u00f6rdermitgliedern tr\u00e4gt langsam Fr\u00fcchte. Wir gehen davon aus, die Zahl von 40 Personen\/Institutionen deutlich zu verbessern.<\/p>\n<p><strong>Internationale Gehalts\u00fcbersicht im Finanz- und Rechnungswesen 2008<\/strong><\/p>\n<p>Robert Half hat die zweite Auflage des Global Financial Salary Guide mit aktualisierten Geh\u00e4ltern f\u00fcr Berufe im Finanz- und Rechnungswesen 2008 vorr\u00e4tig. Insgesamt spiegelt der International Financial Salary Guide die Gehaltsspannen f\u00fcr 16 Berufe, vom Sachbearbeiter Buchhaltung \u00fcber Controller bis zum Chief Financial Officer in 18 L\u00e4ndern zusammen.<\/p>\n<p>Dar\u00fcber hinaus enth\u00e4lt die Neuauflage interessante Ergebnisse aus dem Robert Half &#8222;Global Financial Employment Monitor 2007&#8220;:<br \/>\nZunahme des weltweiten Fachkr\u00e4ftemangels und die daraus resultierenden Herausforderungen bei der Rekrutierung und Bindung \u00a0von qualifizierten Mitarbeitern.<\/p>\n<p>Neben einem Beispielorganigramm zum Aufbau eines typischen Finanz- und Rechnungswesens findet sich im Salary Guide auch eine \u00dcbersicht zu den Aufgaben verschiedener Berufe im Finanz- und Rechnungswesen.<\/p>\n<p>Den kompletten Global Financial Salary Guide 2008 k\u00f6nnen Sie direkt bei einer Robert Half Niederlassungen kostenlos bestellen.<\/p>\n<p><strong>Neue Umfrage: Was ist drin f\u00fcr Sie?<\/strong><\/p>\n<p>Welche Trends zeichnen sich bei den zus\u00e4tzlichen Leistungen zum Gehalt ab? Wie hoch ist mein &#8222;Marktwert&#8220;? Um auf diese und andere Fragen noch genauere Antworten zu geben, f\u00fchrt Robert Half zum zweiten Mal eine Gehaltsumfrage f\u00fcr Berufe im Finanz- und Rechnungswesen durch.<\/p>\n<p>Mitmachen konnten alle Mitarbeiter aus dem Finanz- und Rechnungswesen.\u00a0Die Umfrage ist seit Mitte September beendet. Nach Abschluss der Datenauswertung k\u00f6nnen die Ergebnisse \u00fcber die Website <a href=\"http:\/\/rhi.emsecure.net\/optiext\/optiextension.dll?ID=JpIPxJj5ZKrlJJJd\" target=\"_blank\">www.roberthalf.de<\/a> herunter geladen werden.<\/p>\n<div>\n<table class=\"imgtext-table\" border=\"0\" width=\"475\" cellspacing=\"0\" cellpadding=\"0\">\n<tbody>\n<tr>\n<td colspan=\"1\"><\/td>\n<\/tr>\n<tr>\n<td valign=\"top\"><img loading=\"lazy\" decoding=\"async\" title=\"\" src=\"http:\/\/emaa.de\/wp-878ef-content\/uploads\/2015\/02\/Spacer_8e9001_11.jpg\" alt=\"\" width=\"475\" height=\"16\" align=\"top\" border=\"0\" \/><\/td>\n<\/tr>\n<\/tbody>\n<\/table>\n<\/div>\n<p><a id=\"c647\"><\/a><\/p>\n<h3>EUROPA VON A &#8211; Z<\/h3>\n<p><strong>NEUE \u00dcBERSETZUNGSREGELUNG BEI EUROP\u00c4ISCHEN PATENTEN\u00a0\u00a0\u00a0\u00a0\u00a0\u00a0<\/strong><\/p>\n<p>Das Londoner \u00dcbereinkommen sieht eine neue \u00dcbersetzungsregelung f\u00fcr europ\u00e4ische Patente vor. Die unterzeichnenden Staaten werden nicht mehr verlangen, dass die Patente, die vom Europ\u00e4ischen Patentamt erteilt wurden, in die jeweilige Landessprache \u00fcbersetzt werden m\u00fcssen. Erwartet wird, dass der Patentschutz in Europa damit deutlich g\u00fcnstiger wird. Das \u00dcbereinkommen trat am 01.05.2008 in Kraft.<\/p>\n<p>Im Rahmen der Umsetzung ins nationale (deutsche) Recht hat das Bundesjustizministerium eine \u00dcbergangsregelung geplant. Danach soll die \u00dcbersetzungspflicht voraussichtlich f\u00fcr alle europ\u00e4ischen Patente entfallen, bei denen der Hinweis auf die Erteilung am 01.05.2008 oder sp\u00e4ter im Europ\u00e4ischen Patentblatt bekannt gemacht wird.<\/p>\n<p><strong>USA, GreenCard-Lotterie<\/strong><\/p>\n<p>Das Team von THE AMERICAN DREAM USA Services GmbH weist\u00a0 darauf hin, dass Anfang September die US-Regierung endlich die Termine f\u00fcr das neue GreenCard Programm DV-2010 heraus gegeben hat. Ab dem 2. Oktober d\u00fcrfen die Anmeldungen an das vom State Department beauftragte Kentucky Consular Center gesandt werden.<\/p>\n<p>Auch The American Dream wird ab dem 2. Oktober beginnen, bereits vorliegende Bewerbungen unserer Kunden zeitnah den US-Beh\u00f6rden einzureichen!<\/p>\n<p>Da es ab dem 2. Oktober nur noch wenige Wochen bis zum endg\u00fcltigen Abgabetermin sind, gelten unsere erm\u00e4\u00dfigten Tarife f\u00fcr Fr\u00fchbucher nur noch bis zum 30.9.2008. Wer vorher teilnimmt, spart mindestens 5 Euro, Stammkunden sogar \u00fcber 15 Euro!<\/p>\n<p>Allen Kunden der neuen Greencard-Verlosung steht ab sofort ein neuer Blog-Service zur Verf\u00fcgung. Unter <a href=\"http:\/\/www.americandream.de\/US-Portal\/blog-anmeldung.html\" target=\"_blank\">http:\/\/www.americandream.de\/US-Portal\/blog-anmeldung.html<\/a> k\u00f6nnen Sie sich anmelden und Ihr eigenes Blog unter americandream.de schreiben \u2013 in sechs unterschiedlichen USA-Designs zur Auswahl!<\/p>\n<p>Unter <a href=\"http:\/\/www.americandream.de\/gewinner\" target=\"_blank\">http:\/\/www.americandream.de\/gewinner<\/a> finden Sie zahlreiche neue Beitr\u00e4ge von Gewinnern des letzten Jahres!<\/p>\n<div>\n<table class=\"imgtext-table\" border=\"0\" width=\"475\" cellspacing=\"0\" cellpadding=\"0\">\n<tbody>\n<tr>\n<td colspan=\"1\"><\/td>\n<\/tr>\n<tr>\n<td valign=\"top\"><img loading=\"lazy\" decoding=\"async\" title=\"\" src=\"http:\/\/emaa.de\/wp-878ef-content\/uploads\/2015\/02\/Spacer_764b33_11.jpg\" alt=\"\" width=\"475\" height=\"16\" align=\"top\" border=\"0\" \/><\/td>\n<\/tr>\n<\/tbody>\n<\/table>\n<\/div>\n<p><a id=\"c645\"><\/a><\/p>\n<h3>STEUERN UND RECHT<\/h3>\n<p><strong>D\u00c4NEMARK: NEUERUNGEN BEI MEHRWERTSTEUER UND DIENSTLEISTUNGEN<\/strong><\/p>\n<p>&nbsp;<\/p>\n<p>Seit 01.05.2008 gibt es in D\u00e4nemark ein neues Verfahren zur Umsatzsteueranmeldung sowie eine Registrierungspflicht f\u00fcr ausl\u00e4ndische Dienstleister. Firmen und Betrieben, die die Registrierungspflicht nicht einhalten, drohen Bu\u00dfgelder.<\/p>\n<p>Ein Merkblatt zur Anmeldung von Arbeitnehmern in D\u00e4nemark kann bei der IHK angefordert werden.<br \/>\n\u00dcber den folgenden Link finden Sie weitere Informationen<\/p>\n<p><strong><a href=\"http:\/\/www.ihk-bayern.de\/newsletter2\/out\/p.php?a=dd8b7a61754e14c775bd30c95099854a0\" target=\"_blank\">http:\/\/www.ihk-bayern.de\/newsletter2\/out\/p.php?a=dd8b7a61754e14c775bd30c95099854a0<\/a><\/strong><\/p>\n<p>&nbsp;<\/p>\n<div>\n<table class=\"imgtext-table\" border=\"0\" width=\"475\" cellspacing=\"0\" cellpadding=\"0\">\n<tbody>\n<tr>\n<td colspan=\"1\"><\/td>\n<\/tr>\n<tr>\n<td valign=\"top\"><img loading=\"lazy\" decoding=\"async\" title=\"\" src=\"http:\/\/emaa.de\/wp-878ef-content\/uploads\/2015\/02\/Spacer_fc8554_11.jpg\" alt=\"\" width=\"475\" height=\"16\" align=\"top\" border=\"0\" \/><\/td>\n<\/tr>\n<\/tbody>\n<\/table>\n<\/div>\n<p><a id=\"c643\"><\/a><\/p>\n<h3>EDV UND SOFTWARE<\/h3>\n<p><strong>GR\u00dcN VEWA &#8211; DIE MODERNE BRANCHENSOFTWARE<\/p>\n<p><\/strong><\/p>\n<p>Im Gesch\u00e4ftsbereich GR\u00dcN Software Services werden Produkte und L\u00f6sungen vom Software-Hersteller und Integrationspartner zur Einf\u00fchrung der Softwarefamilie GR\u00dcN VEWA\u00a0angeboten.<\/p>\n<p>Die GR\u00dcN VEWA-Softwarefamilie unterst\u00fctzt als Branchenl\u00f6sung f\u00fcr Mitglieds-, Spenden- und Seminarorganisationen nahezu alle denkbaren Gesch\u00e4ftsprozesse vom Verwaltungs-Backoffice mit <a href=\"http:\/\/www.gruen.net\/php\/evewa2.php?d=1222093865&amp;d=1204430543&amp;d=1204430175&amp;d=1204280561&amp;d=1204246873&amp;d=1204246695&amp;d=1204245577&amp;d=1204245549&amp;d=1204244303&amp;d=1204244222&amp;d=1204244045&amp;d=1204243932&amp;d=1204243872&amp;d=1204243820&amp;d=1204243710&amp;d=1204243115&amp;d=1204243080&amp;d=1204243031&amp;menu=0201\" target=\"_self\">VEWA<\/a> oder <a href=\"http:\/\/www.gruen.net\/php\/evewa2.php?d=1222093865&amp;d=1204430543&amp;d=1204430175&amp;d=1204280561&amp;d=1204246873&amp;d=1204246695&amp;d=1204245577&amp;d=1204245549&amp;d=1204244303&amp;d=1204244222&amp;d=1204244045&amp;d=1204243932&amp;d=1204243872&amp;d=1204243820&amp;d=1204243710&amp;d=1204243115&amp;d=1204243080&amp;d=1204243031&amp;menu=0202\" target=\"_self\">sVEWA<\/a> \u00fcber eine gesch\u00fctzte Web-Community bis zur \u00f6ffentlichen Webseite mit <a href=\"http:\/\/www.gruen.net\/php\/evewa2.php?d=1222093865&amp;d=1204430543&amp;d=1204430175&amp;d=1204280561&amp;d=1204246873&amp;d=1204246695&amp;d=1204245577&amp;d=1204245549&amp;d=1204244303&amp;d=1204244222&amp;d=1204244045&amp;d=1204243932&amp;d=1204243872&amp;d=1204243820&amp;d=1204243710&amp;d=1204243115&amp;d=1204243080&amp;d=1204243031&amp;menu=0203\" target=\"_self\">eVEWA<\/a> .<\/p>\n<p>&nbsp;<\/p>\n<div>\n<table class=\"imgtext-table\" border=\"0\" width=\"475\" cellspacing=\"0\" cellpadding=\"0\">\n<tbody>\n<tr>\n<td colspan=\"1\"><\/td>\n<\/tr>\n<tr>\n<td valign=\"top\"><img loading=\"lazy\" decoding=\"async\" title=\"\" src=\"http:\/\/emaa.de\/wp-878ef-content\/uploads\/2015\/02\/Spacer_405408_11.jpg\" alt=\"\" width=\"475\" height=\"16\" align=\"top\" border=\"0\" \/><\/td>\n<\/tr>\n<\/tbody>\n<\/table>\n<\/div>\n<p><a id=\"c640\"><\/a><\/p>\n<h3>AKTUELLE NEUIGKEITEN IN DER INTERNATIONALEN RECHNUNGSLEGUNG<\/h3>\n<p><strong>Stellungnahme des DSR zum IASB DP Reducing Complexity in Reporting Financial Instruments<\/strong><\/p>\n<p>Der <a title=\"Deutscher Standardisierungsrat (DSR)\" href=\"http:\/\/www.standardsetter.de\/drsc\/orga_gasb.html\" target=\"_blank\">Deutsche Standardisierungsrat (DSR)<\/a> hat seine <a title=\"Stellungnahme zum Diskussionspapier des International Accounting Standards Board (IASB) zur Bilanzierung von Finanzinstrumenten mit dem Titel 'Reducing Complexity in Reporting Financial Instruments'\" href=\"http:\/\/www.standardsetter.de\/drsc\/docs\/press_releases\/080919_cl_GASB_IASB_DP_ReducingComplexity_FI.pdf\" target=\"_blank\">Stellungnahme<\/a> vom 19.09.2008 zum Diskussionspapier des International Accounting Standards Board (IASB) zur Bilanzierung von Finanzinstrumenten mit dem Titel \u2018Reducing Complexity in Reporting Financial Instruments\u2019 abgegeben.<\/p>\n<p><a href=\"http:\/\/www.standardsetter.de\/drsc\/docs\/press_releases\/080919_cl_GASB_IASB_DP_ReducingComplexity_FI.pdf\" target=\"_blank\">http:\/\/www.standardsetter.de\/drsc\/docs\/press_releases\/080919_cl_GASB_IASB_DP_ReducingComplexity_FI.pdf<\/a><\/p>\n<p>&nbsp;<\/p>\n<p><strong>IASB Board Member receives American Accounting Association Award<\/strong><\/p>\n<p><a href=\"http:\/\/www.iasb.org\/About+Us\/About+the+IASB\/Professor+Mary+E+Barth.htm\" target=\"_blank\">Professor Mary E Barth<\/a>, IASB Board Member, has been awarded the 2008 Outstanding International Accounting Educator Award from the International Section of the <strong><a href=\"http:\/\/aaahq.org\/index.cfm\" target=\"_blank\">American Accounting Association<\/a><\/strong>.<\/p>\n<p>The award is to recognise an individual who has made substantial contributions to international accounting education through scholarly endeavors in research and teaching over a sustained period of time.<\/p>\n<p>&nbsp;<\/p>\n<div>\n<table class=\"imgtext-table\" border=\"0\" width=\"475\" cellspacing=\"0\" cellpadding=\"0\">\n<tbody>\n<tr>\n<td colspan=\"1\"><\/td>\n<\/tr>\n<tr>\n<td valign=\"top\"><img loading=\"lazy\" decoding=\"async\" title=\"\" src=\"http:\/\/emaa.de\/wp-878ef-content\/uploads\/2015\/02\/Spacer_fe62a7_18.jpg\" alt=\"\" width=\"475\" height=\"16\" align=\"top\" border=\"0\" \/><\/td>\n<\/tr>\n<\/tbody>\n<\/table>\n<\/div>\n<p><a id=\"c638\"><\/a><\/p>\n<h3>BUCHTIPP<\/h3>\n<p><strong>Bilanzanalyse<\/strong><\/p>\n<p>&nbsp;<\/p>\n<p>Traditionelle Kennzahlenanalyse des Einzeljahresabschlusses, kapitalmarktorientierte Konzernjahresabschlussanalyse, mit Aufgaben und L\u00f6sungen.<\/p>\n<p>Von Steuerberater Professor Dr. Horst Gr\u00e4fer.<\/p>\n<p>10., vollst\u00e4ndig \u00fcberarbeitete Auflage. 2008. XVIII, 192 Seiten. Broschur.<\/p>\n<p>\u20ac 29,80 (D) \/ sFr 50,00<\/p>\n<p>ISBN 978-3-482-<strong>71900<\/strong>-4<\/p>\n<p>Mit diesem bew\u00e4hrten Lern- und Arbeitsbuch arbeiten Studierende und<\/p>\n<p>angehende Bilanzbuchhalter sich selbst\u00e4ndig in die Techniken und Methoden<\/p>\n<p>der Bilanzanalyse ein. Sie gewinnen so Sicherheit bei der Unternehmensbeurteilung<\/p>\n<p>anhand von Jahresabschl\u00fcssen.<\/p>\n<p>Das Buch zeigt, wie die Jahresabschl\u00fcsse f\u00fcr eine Bilanzanalyse aufbereitet<\/p>\n<p>werden m\u00fcssen. Der Leser erf\u00e4hrt, wie Kennzahlen gebildet und interpretiert<\/p>\n<p>werden, um externe Unternehmensanalysen durchf\u00fchren zu k\u00f6nnen.<\/p>\n<p>Das Arbeitsbuch ist so konzipiert, dass eigenst\u00e4ndig Bilanzanalyse und<\/p>\n<p>Bilanzuntersuchungen betrieben werden k\u00f6nnen. Kontrollfragen und<\/p>\n<p>\u00dcbungsaufgaben mit L\u00f6sungen vertiefen das erworbene Wissen und erm\u00f6glichen<\/p>\n<p>eine effektive Selbstkontrolle.<\/p>\n<p>Aus dem Inhalt:<\/p>\n<ul type=\"square\">\n<li>Allgemeine Grundlagen, Methoden, Instrumente und Techniken der<\/li>\n<li>Analyse von Jahresabschl\u00fcssen<\/li>\n<li>Traditionelle Kennzahlenanalyse des Einzeljahresabschlusses<\/li>\n<li>Kapitalmarktorientierte Analyse von Konzernjahresabschl\u00fcssen<\/li>\n<li>Statistische Verfahren zur Fr\u00fcherkennung von Insolvenzen<\/li>\n<\/ul>\n<div>\n<table class=\"imgtext-table\" border=\"0\" width=\"475\" cellspacing=\"0\" cellpadding=\"0\">\n<tbody>\n<tr>\n<td colspan=\"1\"><\/td>\n<\/tr>\n<tr>\n<td valign=\"top\"><img loading=\"lazy\" decoding=\"async\" title=\"\" src=\"http:\/\/emaa.de\/wp-878ef-content\/uploads\/2015\/02\/Spacer_fe62a7_17.jpg\" alt=\"\" width=\"475\" height=\"16\" align=\"top\" border=\"0\" \/><\/td>\n<\/tr>\n<\/tbody>\n<\/table>\n<\/div>\n<p><a id=\"c636\"><\/a><\/p>\n<p>M\u00f6chten Sie k\u00fcnftig die EMAA-EUROPA-INFOs nicht mehr beziehen, k\u00f6nnen Sie den Service jederzeit mit einer Mitteilung an die EMAA (<a>kontakt@emaa.de<\/a>) stornieren.<\/p>\n<p>European Management Accountants Association e.V<br \/>\nEMAA e.V.<br \/>\nAm Propsthof 15 &#8211; 17<br \/>\n53121 Bonn<br \/>\nTelefon: +49 (0)228 &#8211; 9 63 93 18, Telefax: +49 (0)228 &#8211; 9 63 93 14<br \/>\nE-Mail: <a>kontakt@emaa.de<\/a>\u00a0 Internet: <a href=\"http:\/\/www.emaa.de\/\" target=\"_blank\">http:\/\/www.emaa.de<\/a><\/p>\n","protected":false},"excerpt":{"rendered":"<p>EMAA-EUROPA-INFOs September 2008 Sehr geehrte Kolleginnen und Kollegen, in dieser Ausgabe finden Sie folgende Themen: Termine EMAA-Lobbyarbeit EUROPA von A \u2013 Z Steuern und Recht EDV und Software Aktuelle Neuigkeiten in der internationalen Rechnungslegung Buchtipp Wir hoffen, Ihnen interessante Informationen und Beitr\u00e4ge liefern zu k\u00f6nnen! Ihr EMAA-Team EMAA AKTUELL TERMINE:\u00a0\u00a0\u00a0\u00a0 Die n\u00e4chste EMAA-Arbeitssitzung findet am [&hellip;]<\/p>\n","protected":false},"author":1,"featured_media":0,"comment_status":"closed","ping_status":"closed","sticky":false,"template":"","format":"standard","meta":{"footnotes":""},"categories":[258,29,262,271,280],"tags":[],"class_list":["post-428","post","type-post","status-publish","format-standard","hentry","category-daenemark","category-europa-info","category-frankreich","category-niederlande","category-tschechien"],"_links":{"self":[{"href":"http:\/\/emaa.de\/index.php?rest_route=\/wp\/v2\/posts\/428","targetHints":{"allow":["GET"]}}],"collection":[{"href":"http:\/\/emaa.de\/index.php?rest_route=\/wp\/v2\/posts"}],"about":[{"href":"http:\/\/emaa.de\/index.php?rest_route=\/wp\/v2\/types\/post"}],"author":[{"embeddable":true,"href":"http:\/\/emaa.de\/index.php?rest_route=\/wp\/v2\/users\/1"}],"replies":[{"embeddable":true,"href":"http:\/\/emaa.de\/index.php?rest_route=%2Fwp%2Fv2%2Fcomments&post=428"}],"version-history":[{"count":1,"href":"http:\/\/emaa.de\/index.php?rest_route=\/wp\/v2\/posts\/428\/revisions"}],"predecessor-version":[{"id":429,"href":"http:\/\/emaa.de\/index.php?rest_route=\/wp\/v2\/posts\/428\/revisions\/429"}],"wp:attachment":[{"href":"http:\/\/emaa.de\/index.php?rest_route=%2Fwp%2Fv2%2Fmedia&parent=428"}],"wp:term":[{"taxonomy":"category","embeddable":true,"href":"http:\/\/emaa.de\/index.php?rest_route=%2Fwp%2Fv2%2Fcategories&post=428"},{"taxonomy":"post_tag","embeddable":true,"href":"http:\/\/emaa.de\/index.php?rest_route=%2Fwp%2Fv2%2Ftags&post=428"}],"curies":[{"name":"wp","href":"https:\/\/api.w.org\/{rel}","templated":true}]}}