{"id":430,"date":"2015-01-14T14:07:48","date_gmt":"2015-01-14T13:07:48","guid":{"rendered":"http:\/\/www.emaa.de\/?p=430"},"modified":"2016-03-06T11:46:21","modified_gmt":"2016-03-06T10:46:21","slug":"europa-info-oktober-2008","status":"publish","type":"post","link":"http:\/\/emaa.de\/?p=430","title":{"rendered":"Europa Info Oktober 2008"},"content":{"rendered":"<p><a href=\"http:\/\/www.emaa.de\/wp-878ef-content\/uploads\/2015\/01\/emaa_logo_01.jpg\"><img loading=\"lazy\" decoding=\"async\" class=\"alignnone size-full wp-image-267\" src=\"http:\/\/www.emaa.de\/wp-878ef-content\/uploads\/2015\/01\/emaa_logo_01.jpg\" alt=\"emaa_logo_01\" width=\"92\" height=\"92\" srcset=\"http:\/\/emaa.de\/wp-878ef-content\/uploads\/2015\/01\/emaa_logo_01.jpg 92w, http:\/\/emaa.de\/wp-878ef-content\/uploads\/2015\/01\/emaa_logo_01-48x48.jpg 48w\" sizes=\"auto, (max-width: 92px) 100vw, 92px\" \/><\/a><\/p>\n<h1>EMAA-EUROPA-INFOs Oktober 2008<\/h1>\n<p>Sehr geehrte Kolleginnen und Kollegen,<\/p>\n<p>in dieser Ausgabe finden Sie folgende Themen:<\/p>\n<ul>\n<li><span class=\"internal-link\">Termine<\/span><\/li>\n<li><span class=\"internal-link\">EMAA-Lobbyarbeit<\/span><\/li>\n<li><span class=\"internal-link\">EUROPA von A \u2013 Z<\/span><\/li>\n<li><span class=\"internal-link\">Steuern und Recht<br \/>\n<\/span><\/li>\n<li><span class=\"internal-link\">EDV und Software<\/span><\/li>\n<li>Aktuelle Neuigkeiten in der internationalen Rechnungslegung<\/li>\n<li>Buchtipp<\/li>\n<\/ul>\n<p>Wir hoffen, Ihnen interessante Informationen und Beitr\u00e4ge liefern zu k\u00f6nnen!<br \/>\n<strong>Ihr EMAA-Team<\/strong><\/p>\n<div>\n<table class=\"imgtext-table\" border=\"0\" width=\"475\" cellspacing=\"0\" cellpadding=\"0\">\n<tbody>\n<tr>\n<td colspan=\"1\"><\/td>\n<\/tr>\n<tr>\n<td valign=\"top\"><img loading=\"lazy\" decoding=\"async\" title=\"\" src=\"http:\/\/emaa.de\/wp-878ef-content\/uploads\/2015\/02\/Spacer_d987b2_14.jpg\" alt=\"\" width=\"475\" height=\"16\" align=\"top\" border=\"0\" \/><\/td>\n<\/tr>\n<\/tbody>\n<\/table>\n<\/div>\n<p><a id=\"c712\"><\/a><\/p>\n<h3>EMAA AKTUELL<\/h3>\n<p><strong>TERMINE:\u00a0\u00a0\u00a0\u00a0<\/strong><\/p>\n<p>&nbsp;<\/p>\n<p>Die n\u00e4chste EMAA-Arbeitssitzung findet am 15. November 2008.<\/p>\n<p>Eine Anmeldung ist erforderlich.<\/p>\n<p>Weitere Infos zu den Terminen: <a href=\"http:\/\/www.emaa.de\/?cat=4\" target=\"page\">www.emaa.de\/58.0.html<\/a><\/p>\n<p>&nbsp;<\/p>\n<p>&nbsp;<\/p>\n<p><strong>Seminarangebote unserer Mitgliedsverb\u00e4nde<\/strong><\/p>\n<p>&nbsp;<\/p>\n<h3>BVBC; Deutschland<\/h3>\n<p>&nbsp;<\/p>\n<p>Latente Steuern nach neuem HGB (BilMoG) und IFRS, 7.11.2008, von 9.00 Uhr \u2013 17.00 Uhr, Koblenz<\/p>\n<p>&nbsp;<\/p>\n<p>\u201aNPO Praxistag 2008\u2019, 18.11.2008, von 10.00 Uhr -17.00 Uhr, Frankfurt a.M.<\/p>\n<p>&nbsp;<\/p>\n<p>Konzernrechnungslegung nach neuem HGB (BilMoG) und IFRS, 24.\/25.11.2008,<\/p>\n<p>9.00 Uhr &#8211; 17.00 Uhr, Hagen<\/p>\n<p>&nbsp;<\/p>\n<p>Information unter <a href=\"http:\/\/www.bvbc.de\/karriere-portal\/weiterbildung\/fachbereiche.html\" target=\"_blank\">http:\/\/www.bvbc.de\/karriere-portal\/weiterbildung\/fachbereiche.html<\/a><\/p>\n<p>&nbsp;<\/p>\n<p>&nbsp;<\/p>\n<p><strong>B\u00d6B<a name=\"Klubseminare\"><\/a>, \u00d6sterreich<\/strong><\/p>\n<p><strong>Klubseminare<\/strong><strong> im \u00dcberblick \u00f6sterreichweit\u00a0<\/strong><\/p>\n<p>&nbsp;<\/p>\n<p>&nbsp;<\/p>\n<p>\u201aSalzburger Bildungstage\u2019, am 27.+28.11.2008, in Salzburg<\/p>\n<p>Information unter <a href=\"http:\/\/www.boeb.at\/willi\/sbg2008.pdf\" target=\"_blank\">www.boeb.at\/willi\/sbg2008.pdf<\/a><\/p>\n<p>&nbsp;<\/p>\n<p>Weitere Information unter <a href=\"http:\/\/www.boeb.at\/Seminare\/seminar_inhalt.html\" target=\"_blank\">www.boeb.at\/Seminare\/seminar_inhalt.html<\/a><\/p>\n<p>&nbsp;<\/p>\n<p>&nbsp;<\/p>\n<p><strong>VEB, Schweiz<\/strong><\/p>\n<p>&nbsp;<\/p>\n<p>Information unter <a href=\"http:\/\/www.veb.ch\/html\/veranstaltungen.html\" target=\"_blank\">www.veb.ch\/html\/veranstaltungen.html<\/a><\/p>\n<p>&nbsp;<\/p>\n<p>&nbsp;<\/p>\n<p><strong>SU, Tschechische Republik:<\/strong><\/p>\n<p>&nbsp;<\/p>\n<p>Information unter <a href=\"http:\/\/www.svaz-ucetnich.cz\/\" target=\"_blank\">http:\/\/www.svaz-ucetnich.cz<\/a><\/p>\n<p>&nbsp;<\/p>\n<div>\n<table class=\"imgtext-table\" border=\"0\" width=\"475\" cellspacing=\"0\" cellpadding=\"0\">\n<tbody>\n<tr>\n<td colspan=\"1\"><\/td>\n<\/tr>\n<tr>\n<td valign=\"top\"><img loading=\"lazy\" decoding=\"async\" title=\"\" src=\"http:\/\/emaa.de\/wp-878ef-content\/uploads\/2015\/02\/Spacer_860836_14.jpg\" alt=\"\" width=\"475\" height=\"16\" align=\"top\" border=\"0\" \/><\/td>\n<\/tr>\n<\/tbody>\n<\/table>\n<\/div>\n<p><a id=\"c710\"><\/a><\/p>\n<h3>EMAA LOBBYARBEIT<\/h3>\n<p><strong>Nach der Tagung ist vor der Tagung: der neue Termin 2009:<\/strong><\/p>\n<p><strong>19. Euro-Fachtagung der European Management Accountants Association e.V., EMAA, 12.-14. Juni 2009<\/strong><\/p>\n<p><a name=\"OLE_LINK1\"><\/a><strong>EMAA-Pr\u00e4sentation anl\u00e4sslich der K\u00e4rntner-Steuertage 2008<\/strong><\/p>\n<p>Mit \u00fcber 80 Teilnehmern fanden zum 2. Mal die j\u00e4hrlichen K\u00e4rntner-Steuerfachtage am 26. und 27. September 2008 in Klagenfurt statt. Die EMAA ist der Einladung des Gastgebers, Bilanzbuchhalter Club K\u00e4rnten (BBCK), gefolgt und pr\u00e4sentierte in den Veranstaltungsr\u00e4umen des WIFI-\u00d6sterreich die europ\u00e4ische Verbandsarbeit. Ausgestattet mit Standarten und aktuellem Informationsmaterial wurde der EMAA-Stand an beiden Veranstaltungstagen zahlreich besucht. Die interessierten Bilanzbuchhalter und Controller fragten u.a. an, in wie weit die EMAA den beruflichen Schritt in die Nachbarl\u00e4nder unterst\u00fctzt und \u00a0ob die M\u00f6glichkeit besteht, \u00fcber die EMAA Public relations f\u00fcr Dienstleistungen in den Nachbarl\u00e4ndern zu lancieren.<\/p>\n<p>In seinem Referat wies EMAA-Repr\u00e4sentant und F\u00f6rdermitglied, Ulrich Neubauer, Hamburg, im voll besetzten Auditorium auf die Notwendigkeit einer europ\u00e4ischen Plattform f\u00fcr Bilanzbuchhalter und Controller hin.<\/p>\n<p>Im Detail wurden<\/p>\n<p>&#8211; die Aufgaben und Ziele der EMAA pr\u00e4sentiert<\/p>\n<p>&#8211; der europ\u00e4ische Qualifikationsrahmen (EQF) und<\/p>\n<p>Credit Points (ECVET) vorgestellt<\/p>\n<p>&#8211; die hieraus resultierenden Aufgaben f\u00fcr die EMAA, wie<br \/>\nbeispielsweise der Vergleich der berufsst\u00e4ndischen Diplome.<\/p>\n<p>Anhand von praktischen Beispielen konnte er den Teilnehmern die Schwierigkeiten aber auch Chancen des EQF und der ECVET deutlich machen.<\/p>\n<p>Bis dato, so die Obfrau des BBCK, Eva Stocker, waren diese Themen und die EMAA den BerufskollegenInnen teils v\u00f6llig unbekannt.<\/p>\n<p>Weiter stellte Neubauer den G\u00e4sten die M\u00f6glichkeit der F\u00f6rdermitgliedschaft in der EMAA vor. Er appellierte an die Anwesenden, die Vorteile der EMAA-F\u00f6rdermitgliedschaft, ebenso zu nutzen, wie dies bereits aktive F\u00f6rdermitglieder in \u00d6sterreich, Deutschland und Schweiz praktizieren.<\/p>\n<p><strong>Bilanzbuchhalter in Deutschland im neuen Gewand<\/strong><\/p>\n<p>Es hat lange gedauert, bis die Brosch\u00fcre ver\u00f6ffentlicht worden ist, schreibt uns die Journalistin Helga Ballauf: Aber seit etwa einem Monat kann man sie bestellen oder herunterladen unter:<\/p>\n<p><a title=\"http:\/\/www.bmbf.de\/pub\/broschuere_bilanzbuchhalter.pdf\" href=\"http:\/\/www.bmbf.de\/pub\/broschuere_bilanzbuchhalter.pdf\" target=\"_blank\">http:\/\/www.bmbf.de\/pub\/broschuere_bilanzbuchhalter.pdf<\/a><\/p>\n<p><strong>Controllerpr\u00fcfung in Deutschland<\/strong><\/p>\n<p>Bereiten Sie sich auf die Controllerpr\u00fcfung vor der deutschen Industrie und Handelskammer vor? Sie suchen Aufgaben und L\u00f6sungen? Dann nutzen Sie folgenden Link<br \/>\n<a href=\"http:\/\/www.dihk-bildungs-gmbh.de\/index.php?id=216\" target=\"_blank\">http:\/\/www.dihk-bildungs-gmbh.de\/index.php?id=216<\/a><\/p>\n<p>&nbsp;<\/p>\n<div>\n<table class=\"imgtext-table\" border=\"0\" width=\"475\" cellspacing=\"0\" cellpadding=\"0\">\n<tbody>\n<tr>\n<td colspan=\"1\"><\/td>\n<\/tr>\n<tr>\n<td valign=\"top\"><img loading=\"lazy\" decoding=\"async\" title=\"\" src=\"http:\/\/emaa.de\/wp-878ef-content\/uploads\/2015\/02\/Spacer_8e9001_14.jpg\" alt=\"\" width=\"475\" height=\"16\" align=\"top\" border=\"0\" \/><\/td>\n<\/tr>\n<\/tbody>\n<\/table>\n<\/div>\n<p><a id=\"c708\"><\/a><\/p>\n<h3>EUROPA VON A &#8211; Z<\/h3>\n<p>&nbsp;<\/p>\n<p><strong>Vorschl\u00e4ge zur \u00c4nderung des Markenrechts<\/strong><\/p>\n<p>&nbsp;<\/p>\n<p>Das Bundesjustizministerium hat Vorschl\u00e4ge zur \u00c4nderung insbesondere der Rechtsbehelfe im Markenrecht vorgelegt. Damit soll eine Verfahrensbeschleunigung erreicht werden. Au\u00dferdem sollen internationale Markenanmeldungen au\u00dfer in franz\u00f6sischer k\u00fcnftig auch in englischer Sprache m\u00f6glich sein.<\/p>\n<p>&nbsp;<\/p>\n<p>Es geht bei den \u00c4nderungen im Wesentlichen um folgende:<\/p>\n<p>Das Widerspruchsverfahren soll der Gemeinschaftsmarkenverordnung angeglichen und auf die F\u00e4lle erweitert werden, in denen nicht eingetragene \u00e4ltere Kennzeichenrechte geltend gemacht werden (vgl. \u00a7 42 Abs. 2 n. F.).<\/p>\n<p>&nbsp;<\/p>\n<p>Erinnerung und Beschwerde sollen wahlweise nebeneinander statthaft sein. Es soll also zur Beschleunigung des Verfahrens m\u00f6glich werden, sofort Beschwerde einzulegen, ohne vorher ein Erinnerungsverfahren durchzuf\u00fchren (vgl. \u00a7 64 Abs. 6 n. F.).<\/p>\n<p>Internationale Markenanmeldungen k\u00f6nnen in Zukunft nach Wahl des Anmelders in franz\u00f6sischer oder englischer Sprache erfolgen (vgl. \u00a7 107 Abs. 2 n. F.).<\/p>\n<p>&nbsp;<\/p>\n<p>&nbsp;<\/p>\n<p><strong>Start your day learning English with Paul Smith&#8217;s One-Word-A-Day<\/strong><\/p>\n<p>&nbsp;<\/p>\n<p>OWAD is the FREE e-mail service which systematically improves your professional English. Every weekday you receive an important word or idiom selected from the international press.<\/p>\n<p>An amusing mini-quiz allows you to immediately test yourself, you can check the German translation and listen to the pronunciation.<\/p>\n<p><a href=\"http:\/\/owad.de\/\" target=\"_blank\">http:\/\/owad.de\/<\/a><\/p>\n<div>\n<table class=\"imgtext-table\" border=\"0\" width=\"475\" cellspacing=\"0\" cellpadding=\"0\">\n<tbody>\n<tr>\n<td colspan=\"1\"><\/td>\n<\/tr>\n<tr>\n<td valign=\"top\"><img loading=\"lazy\" decoding=\"async\" title=\"\" src=\"http:\/\/emaa.de\/wp-878ef-content\/uploads\/2015\/02\/Spacer_764b33_14.jpg\" alt=\"\" width=\"475\" height=\"16\" align=\"top\" border=\"0\" \/><\/td>\n<\/tr>\n<\/tbody>\n<\/table>\n<\/div>\n<p><a id=\"c706\"><\/a><\/p>\n<h3>STEUERN UND RECHT<\/h3>\n<p><strong>Publikationen kostenfrei<\/strong><\/p>\n<p>KPMG ist einer der Gro\u00dfen Wirtschaftspr\u00fcferverb\u00e4nde die sporadisch interessante Publikationen kostenlos herausgeben. So gibt es u.a. eine &#8222;German-Tax-Card 2008&#8220;<br \/>\ndie einen schnellen Zugriff auf die wichtigsten Steuer-Informationen in taschenkalender-gro\u00dfer \u00dcbersicht gibt.<\/p>\n<p><strong><a href=\"http:\/\/www.kpmg.de\/WasWirTun\/1810.htm\" target=\"_blank\">http:\/\/www.kpmg.de\/WasWirTun\/1810.htm<\/a><\/strong><\/p>\n<p><strong>Bewirtungsaufwendungen aus gesch\u00e4ftlichem Anlass<\/strong><\/p>\n<p><em>BFH-Urteil vom 19.6.2008, VI R 33\/07<\/em><\/p>\n<p>Bewirtet ein leitender Arbeitnehmer mit variablen Bez\u00fcgen seine Arbeitskollegen, insbesondere ihm unterstellte Mitarbeiter, so handelt es sich nicht um Bewirtungsaufwendungen aus gesch\u00e4ftlichem Anlass. Folge: Voller Betriebsausgabenabzug zul\u00e4ssig \u2013 und <strong>nicht<\/strong> lediglich ein Anteil von 70% der Betriebsausgaben.<\/p>\n<p><strong><a href=\"http:\/\/rsw.beck.de\/rsw\/shop\/default.asp?docid=267767\" target=\"_blank\">http:\/\/rsw.beck.de\/rsw\/shop\/default.asp?docid=267767<\/a><\/strong><\/p>\n<p>&nbsp;<\/p>\n<div>\n<table class=\"imgtext-table\" border=\"0\" width=\"475\" cellspacing=\"0\" cellpadding=\"0\">\n<tbody>\n<tr>\n<td colspan=\"1\"><\/td>\n<\/tr>\n<tr>\n<td valign=\"top\"><img loading=\"lazy\" decoding=\"async\" title=\"\" src=\"http:\/\/emaa.de\/wp-878ef-content\/uploads\/2015\/02\/Spacer_fc8554_14.jpg\" alt=\"\" width=\"475\" height=\"16\" align=\"top\" border=\"0\" \/><\/td>\n<\/tr>\n<\/tbody>\n<\/table>\n<\/div>\n<p><a id=\"c704\"><\/a><\/p>\n<h3>EDV UND SOFTWARE<\/h3>\n<p><strong>Unsichere Software aufsp\u00fcren<\/strong><\/p>\n<p>Update-Manager helfen, installierte Software aktuell zu halten und schlie\u00dfen so eventuelle Einfallstore f\u00fcr Kriminelle. Wer m\u00f6glichst viele Gefahrenquellen ausschlie\u00dfen will, sollte mehrere dieser Tools parallel laufen lassen, r\u00e4t das Computermagazin c&#8217;t in seiner Ausgabe 19\/08.<\/p>\n<p>Viele popul\u00e4re Programme wie Mozilla Firefox, AppleQuickTime, Adobe Reader und Flash verf\u00fcgen schon \u00fcbereigene Aktualisierungsfunktionen. Genervt von den st\u00e4ndigen Update-Meldungen haben aber viele User diese Funktion abgeschaltet. Dabei sind die neuen\u00a0 Software-Versionen durchaus wichtig. Mit den Updates werden in der Regel auch kritische Sicherheitsl\u00fccken geschlossen, \u00fcber die Angreifer aus dem Internet Zugriff auf den PC erlangen k\u00f6nnen.<\/p>\n<p>Damit Anwender nicht m\u00fchsam manuell nach aktuellen Versionen suchen m\u00fcssen, gibt es sogenannte Update-Manager. Diese kostenlosen Tools durchforsten die vorhandene Software auf dem PC und vergleichen die installierten Versionen mit den aktuell verf\u00fcgbaren.<\/p>\n<p>&#8222;Uneingeschr\u00e4nkt empfehlenswert ist keines der gestesteten Produkte&#8220;, urteilt c&#8217;t-Sicherheitsexperte Daniel Bachfeld. Der Secunia Personal Software Inspector beispielsweise legt seinen Fokus auf Sicherheit und vergleicht nicht nur die installierte und die verf\u00fcgbare Version, sondern bezieht die Secunias Datenbank \u00fcber Sicherheitsl\u00fccken in Produkten mit ein. So kann Software durchaus veraltet sein, ohne dass sie ein Sicherheitsproblem darstellt. Bei der Bedienung \u00fcberzeugte hingegen der FileHippo Update Checker, der die Ergebnisse \u00fcbersichtlich im Browser darstellt und zudem \u00fcber einen Update-Button verf\u00fcgt, mit dem man ohne Umwege die neueste Version installieren kann. Allerdings erkennt dieses Tool nur die g\u00e4ngigsten Anwendungen. In punkto Erkennungsrate und Flexibilit\u00e4t hatte das Programm SUMo die Nase vorn, das bis zu 90.000 Anwendungen unterst\u00fctzt.<\/p>\n<p>&#8222;Am besten man kombiniert diese drei Produkte miteinander, dann ist man auf der sicheren Seite&#8220;, so c&#8217;t-Redakteur Daniel Bachfeld.<\/p>\n<p>&nbsp;<\/p>\n<p>&nbsp;<\/p>\n<p><strong>Planung und Budgetierung in Europa:<\/strong><br \/>\nBARC- Studienergebnisse belegen Effizienzgewinne durch Business Intelligence<\/p>\n<p>Vier Studien der BARC rund um die Themen Planung, Budgetierung und Business Intelligence (BI) sind nun kostenfrei erh\u00e4ltlich. Die Studien belegen, dass einheitliche Planungssysteme und deren Integration mit anderen BI-Systemen den Zeitaufwand und die Kosten f\u00fcr Administration und Systemintegration signifikant senken. Aber auch die Anwender sind zufriedener \u2013 denn: Planungsprozesse k\u00f6nnen schneller durchgef\u00fchrt werden.<\/p>\n<p>Die Studie beleuchtet die Umfeldbedingungen der Planung in unterschiedlichen europ\u00e4ischen L\u00e4ndern sowie die Integration der Planung mit BI-Systemen. Es wird deutlich, dass der Planungs- und Budgetierungsprozess in europ\u00e4ischen Unternehmen sehr dynamisch ist: So f\u00fchrt der Gro\u00dfteil der Befragten mindestens einen Forecast pro Quartal durch. 77 % aller Unternehmen \u00e4ndern Ihren Planungsprozess mindestens alle 12 Monate, 36 % sogar 6 Monate oder \u00f6fter. Insgesamt ist ein hohes Potenzial f\u00fcr den Einsatz von speziellen Planungswerkzeugen zu erkennen. Allerdings besteht noch deutlicher Nachholbedarf. Der Anteil an Unternehmen, die nur ein einheitliches System f\u00fcr die Planung verwenden, ist momentan sehr klein. Mehr<\/p>\n<p><a href=\"http:\/\/www.haufe.de\/SID41.GnJn8UjzfVM\/finance\/newsDetails?newsID=1223892256.59&amp;portal=Controlling&amp;d_start:int=5&amp;newsID=1212661972.09&amp;chorid=01402236\" target=\"_blank\">http:\/\/www.haufe.de\/SID41.GnJn8UjzfVM\/finance\/newsDetails?newsID=1223892256.59&amp;portal=Controlling&amp;d_start:int=5&amp;newsID=1212661972.09&amp;chorid=01402236<\/a><\/p>\n<p>&nbsp;<\/p>\n<div>\n<table class=\"imgtext-table\" border=\"0\" width=\"475\" cellspacing=\"0\" cellpadding=\"0\">\n<tbody>\n<tr>\n<td colspan=\"1\"><\/td>\n<\/tr>\n<tr>\n<td valign=\"top\"><img loading=\"lazy\" decoding=\"async\" title=\"\" src=\"http:\/\/emaa.de\/wp-878ef-content\/uploads\/2015\/02\/Spacer_405408_14.jpg\" alt=\"\" width=\"475\" height=\"16\" align=\"top\" border=\"0\" \/><\/td>\n<\/tr>\n<\/tbody>\n<\/table>\n<\/div>\n<p><a id=\"c701\"><\/a><\/p>\n<h3>AKTUELLE NEUIGKEITEN IN DER INTERNATIONALEN RECHNUNGSLEGUNG<\/h3>\n<p><strong>BilMoG-Regierungsentwurf<\/strong><\/p>\n<p>Nachdem der verabschiedete BilMoG-Regierungsentwurf k\u00fcrzlich im Bundesrat beraten wurde, wird der gr\u00f6\u00dfte Teil der Bilanzrechtsreform nach dem gegenw\u00e4rtigen Stand schon f\u00fcr Gesch\u00e4ftsjahre gelten, die im Kalenderjahr 2009 beginnen. Der Regierungsentwurf aus dem Mai 2008 folgte auf einen Referentenentwurf, der bereits die wesentlichen Punkte der Reform enthielt: Ma\u00dfgeblichkeit der handelsrechtlichen GoB f\u00fcr die Steuerbilanz wird beibehalten und die sog. umgekehrte Ma\u00dfgeblichkeit wird abgeschafft. Einige Punkte die vom Bundesrat angemerkt wurden sind jedoch noch auf dem Pr\u00fcfstand.<\/p>\n<p>Diverse Institute so auch der BVBC bieten bereits umfassende Seminare an.<\/p>\n<p><a href=\"http:\/\/www.bvbc.de\/nc\/bvbc-aktuell\/bvbc-veranstaltungen-seminare\/detailansicht.html?view=single&amp;event_id=318\" target=\"_blank\">http:\/\/www.bvbc.de\/nc\/bvbc-aktuell\/bvbc-veranstaltungen-seminare\/detailansicht.html?view=single&amp;event_id=318<\/a><\/p>\n<p>&nbsp;<\/p>\n<p><strong>IFRS Rechnungslegungsstandards<\/strong><\/p>\n<p>Die Vereinigten Staaten haben k\u00fcrzlich signalisiert, sich bis zum Jahr 2014 von den Bilanzierungsvorschriften der US GAAP zu verabschieden. Eine Ratifizierung soll demn\u00e4chst erfolgen. Dass die USA\u00a0 danach die global g\u00fcltigen International Financial Reporting Standards anwenden wollen, ist gut f\u00fcr den globalen Finanzmarkt. Allerdings wurde soeben in der Presse diskutiert, ob die aktuellen Bewertungsregeln f\u00fcr Wertpapiere weiterhin Bestand haben k\u00f6nnen. Soll von dem Prinzip der Bewertung zu Marktpreisen (fair value) abger\u00fcckt werden? Br\u00fcssel l\u00e4sst diese Gedanken zur zeit pr\u00fcfen. Finanz \u2013 und Bilanzexperten warnen jedoch vor einer Abkehr. Es bleibt spannend.<\/p>\n<p>&nbsp;<\/p>\n<div>\n<table class=\"imgtext-table\" border=\"0\" width=\"475\" cellspacing=\"0\" cellpadding=\"0\">\n<tbody>\n<tr>\n<td colspan=\"1\"><\/td>\n<\/tr>\n<tr>\n<td valign=\"top\"><img loading=\"lazy\" decoding=\"async\" title=\"\" src=\"http:\/\/emaa.de\/wp-878ef-content\/uploads\/2015\/02\/Spacer_fe62a7_24.jpg\" alt=\"\" width=\"475\" height=\"16\" align=\"top\" border=\"0\" \/><\/td>\n<\/tr>\n<\/tbody>\n<\/table>\n<\/div>\n<p><a id=\"c699\"><\/a><\/p>\n<h3>BUCHTIPP<\/h3>\n<p><strong>K\u00e4rntner Steuertage<br \/>\n<\/strong>Buchausstellung in Klagenfurt<br \/>\nDer Ferkel Faktor. Die schmutzigen Tricks der Kommunikation\u00a0 &#8211; von G\u00fcnter Beyer von Econ (Broschiert &#8211; August 2008) Preis:\u00a0 EUR 16,90<\/p>\n<p>Es lagen schon einige B\u00fccher \u00fcber schwarze Rhetorik und schmutzige Kommunikation auf meinem Tisch. Und alle Autoren beschw\u00f6ren, sie w\u00fcrden ihr Wissen nur zwischen zwei Buchdeckel klemmen, damit sich der Leser besser vor dem B\u00f6sen sch\u00fctzen k\u00f6nne. Allein, bei vielen Verfassern fehlt mir der Glaube. Und bei einigen best\u00e4tigten pers\u00f6nliche Begegnungen mein Misstrauen. Dass G\u00fcnther Beyer in erster Linie als Coach und Trainer von Vorst\u00e4nden, Gesch\u00e4ftsf\u00fchrern und F\u00fchrungskr\u00e4ften sein Geld verdient, machte mich skeptisch. Aber nach der Lekt\u00fcre und einem Besuch auf seiner Website gehe ich bis auf weiteres davon aus, er wolle tats\u00e4chlich einen Beitrag f\u00fcr eine liebevollere und ehrlichere Kommunikation leisten. Ganz so idealistisch wie der Autor sehe ich den Menschen allerdings nicht. Denn zum Programm der Evolution geh\u00f6rt nun mal, Gattungen die Fortpflanzung, das Anpassen und das \u00dcberleben zu sichern. Und dazu geh\u00f6rt auch, die Verhaltensweisen von Konkurrenten zu beeinflussen. Altruismus und respektvoller Umgang mit dem anderen geh\u00f6ren sicher zu den geeigneten Mitteln. Aber eben nicht nur.<\/p>\n<p>Wie geht nun de Autor seine Aufgabe an, den Leser mit einem Fr\u00fchwarnsystem vertraut zu machen, das ihn vor schmutzigen Tricks besser sch\u00fctzen soll? G\u00fcnther Beyer malt zuerst ein Sittengem\u00e4lde, das den Stand der Dinge widerspiegelt und nicht sehr sch\u00f6n ist. Dann typisiert er die Opfer von Dirty Tricks in wenigen und klaren S\u00e4tzen. In welchen Bereichen der Leser mit der Macht der Niedertracht rechnen muss, wird auf acht Seiten geschildert. Den gr\u00f6\u00dften Raum nehmen die Beschreibungen der Dirty Tricks ein, mit denen der Leser im Berufsalltag rechnen muss. Und wie G\u00fcnther Beyer das macht, gef\u00e4llt mir sehr gut. Er verzichtet auf das gr\u00e4ssliche Vokabular der Kommunikationstheoretiker und arbeitet lieber mit Metaphern, Analogien und Fallbeispielen. Vor allem gelingt es ihm, seinem eigenen Anspruch gerecht zu werden und so zu kommunizieren, dass man als Leser selbst unangenehme Botschaften annehmen kann. Aber da Wissen allein nicht gen\u00fcgt, um ein taugliches Fr\u00fchwarnsystem einzurichten, stellt G\u00fcnther Beyer das bew\u00e4hrte Instrument der Transaktionsanalyse vor. Das finde ich sehr viel wirkungsvoller als die folgenden Checklisten. Aber als Seminarleiter machte G\u00fcnther Beyer die \u00fcbliche Erfahrung, dass die Teilnehmer solche Listen wollen. Also liefert er sie. Ein Mischung zwischen Zusammenfassung und Ausflug in fremde Welten betrachte ich das letzte Kapitel, in dem chinesische Listen und Taktiken vorgestellt werden.<\/p>\n<p>Mein Fazit: Als Leser merkt man, dass der Autor kein Trittbrettfahrer ist, sondern seinen gro\u00dfen Erfahrungsschatz ordnet und verdichtet. Ich fand es wohltuend und vertrauenserweckend, nicht mit dem \u00fcblichen Jargon von Motivationstrainern und Mega-Coaches bel\u00e4stigt zu werden. G\u00fcnther Beyer w\u00e4hlt einen Ton, der sachlich und trotzdem unterhaltsam ist. Wer sich besser vor Grenz\u00fcberschreitungen und schmutzigen Tricks sch\u00fctzen m\u00f6chte und auch an die Wirksamkeit einer fairen Kommunikation glaubt, ist bei diesem Autor bestens aufgehoben. Wer andere einfach \u00fcber den Tisch ziehen will, muss sich anderswo weiterbilden.<\/p>\n<div>\n<table class=\"imgtext-table\" border=\"0\" width=\"475\" cellspacing=\"0\" cellpadding=\"0\">\n<tbody>\n<tr>\n<td colspan=\"1\"><\/td>\n<\/tr>\n<tr>\n<td valign=\"top\"><img loading=\"lazy\" decoding=\"async\" title=\"\" src=\"http:\/\/emaa.de\/wp-878ef-content\/uploads\/2015\/02\/Spacer_fe62a7_23.jpg\" alt=\"\" width=\"475\" height=\"16\" align=\"top\" border=\"0\" \/><\/td>\n<\/tr>\n<\/tbody>\n<\/table>\n<\/div>\n<p><a id=\"c697\"><\/a><\/p>\n<p>M\u00f6chten Sie k\u00fcnftig die EMAA-EUROPA-INFOs nicht mehr beziehen, k\u00f6nnen Sie den Service jederzeit mit einer Mitteilung an die EMAA (<a>kontakt@emaa.de<\/a>) stornieren.<\/p>\n<p>European Management Accountants Association e.V<br \/>\nEMAA e.V.<br \/>\nAm Propsthof 15 &#8211; 17<br \/>\n53121 Bonn<br \/>\nTelefon: +49 (0)228 &#8211; 9 63 93 18, Telefax: +49 (0)228 &#8211; 9 63 93 14<br \/>\nE-Mail: <a>kontakt@emaa.de<\/a>\u00a0 Internet: <a href=\"http:\/\/www.emaa.de\/\" target=\"_blank\">http:\/\/www.emaa.de<\/a><\/p>\n","protected":false},"excerpt":{"rendered":"<p>EMAA-EUROPA-INFOs Oktober 2008 Sehr geehrte Kolleginnen und Kollegen, in dieser Ausgabe finden Sie folgende Themen: Termine EMAA-Lobbyarbeit EUROPA von A \u2013 Z Steuern und Recht EDV und Software Aktuelle Neuigkeiten in der internationalen Rechnungslegung Buchtipp Wir hoffen, Ihnen interessante Informationen und Beitr\u00e4ge liefern zu k\u00f6nnen! Ihr EMAA-Team EMAA AKTUELL TERMINE:\u00a0\u00a0\u00a0\u00a0 &nbsp; Die n\u00e4chste EMAA-Arbeitssitzung findet [&hellip;]<\/p>\n","protected":false},"author":1,"featured_media":0,"comment_status":"closed","ping_status":"closed","sticky":false,"template":"","format":"standard","meta":{"footnotes":""},"categories":[29,280],"tags":[],"class_list":["post-430","post","type-post","status-publish","format-standard","hentry","category-europa-info","category-tschechien"],"_links":{"self":[{"href":"http:\/\/emaa.de\/index.php?rest_route=\/wp\/v2\/posts\/430","targetHints":{"allow":["GET"]}}],"collection":[{"href":"http:\/\/emaa.de\/index.php?rest_route=\/wp\/v2\/posts"}],"about":[{"href":"http:\/\/emaa.de\/index.php?rest_route=\/wp\/v2\/types\/post"}],"author":[{"embeddable":true,"href":"http:\/\/emaa.de\/index.php?rest_route=\/wp\/v2\/users\/1"}],"replies":[{"embeddable":true,"href":"http:\/\/emaa.de\/index.php?rest_route=%2Fwp%2Fv2%2Fcomments&post=430"}],"version-history":[{"count":1,"href":"http:\/\/emaa.de\/index.php?rest_route=\/wp\/v2\/posts\/430\/revisions"}],"predecessor-version":[{"id":431,"href":"http:\/\/emaa.de\/index.php?rest_route=\/wp\/v2\/posts\/430\/revisions\/431"}],"wp:attachment":[{"href":"http:\/\/emaa.de\/index.php?rest_route=%2Fwp%2Fv2%2Fmedia&parent=430"}],"wp:term":[{"taxonomy":"category","embeddable":true,"href":"http:\/\/emaa.de\/index.php?rest_route=%2Fwp%2Fv2%2Fcategories&post=430"},{"taxonomy":"post_tag","embeddable":true,"href":"http:\/\/emaa.de\/index.php?rest_route=%2Fwp%2Fv2%2Ftags&post=430"}],"curies":[{"name":"wp","href":"https:\/\/api.w.org\/{rel}","templated":true}]}}