{"id":432,"date":"2015-01-14T14:08:59","date_gmt":"2015-01-14T13:08:59","guid":{"rendered":"http:\/\/www.emaa.de\/?p=432"},"modified":"2016-03-06T11:46:21","modified_gmt":"2016-03-06T10:46:21","slug":"europa-info-november-2008","status":"publish","type":"post","link":"http:\/\/emaa.de\/?p=432","title":{"rendered":"Europa Info November 2008"},"content":{"rendered":"<p><a href=\"http:\/\/www.emaa.de\/wp-878ef-content\/uploads\/2015\/01\/emaa_logo_01.jpg\"><img loading=\"lazy\" decoding=\"async\" class=\"alignnone size-full wp-image-267\" src=\"http:\/\/www.emaa.de\/wp-878ef-content\/uploads\/2015\/01\/emaa_logo_01.jpg\" alt=\"emaa_logo_01\" width=\"92\" height=\"92\" srcset=\"http:\/\/emaa.de\/wp-878ef-content\/uploads\/2015\/01\/emaa_logo_01.jpg 92w, http:\/\/emaa.de\/wp-878ef-content\/uploads\/2015\/01\/emaa_logo_01-48x48.jpg 48w\" sizes=\"auto, (max-width: 92px) 100vw, 92px\" \/><\/a><\/p>\n<h1>EMAA-EUROPA-INFOs November 2008<\/h1>\n<p>Sehr geehrte Kolleginnen und Kollegen,<\/p>\n<p>in dieser Ausgabe finden Sie folgende Themen:<\/p>\n<ul>\n<li><span class=\"internal-link\">Termine<\/span><\/li>\n<li><span class=\"internal-link\">EMAA-Lobbyarbeit<\/span><\/li>\n<li><span class=\"internal-link\">EUROPA von A \u2013 Z<\/span><\/li>\n<li><span class=\"internal-link\">Steuern und Recht<br \/>\n<\/span><\/li>\n<li><span class=\"internal-link\">EDV und Software<\/span><\/li>\n<li>Aktuelle Neuigkeiten in der internationalen Rechnungslegung<\/li>\n<li>Buchtipp<\/li>\n<\/ul>\n<p>Wir hoffen, Ihnen interessante Informationen und Beitr\u00e4ge liefern zu k\u00f6nnen!<br \/>\n<strong>Ihr EMAA-Team<\/strong><\/p>\n<div>\n<table class=\"imgtext-table\" border=\"0\" width=\"475\" cellspacing=\"0\" cellpadding=\"0\">\n<tbody>\n<tr>\n<td colspan=\"1\"><\/td>\n<\/tr>\n<tr>\n<td valign=\"top\"><img loading=\"lazy\" decoding=\"async\" title=\"\" src=\"http:\/\/emaa.de\/wp-878ef-content\/uploads\/2015\/02\/Spacer_d987b2_17.jpg\" alt=\"\" width=\"475\" height=\"16\" align=\"top\" border=\"0\" \/><\/td>\n<\/tr>\n<\/tbody>\n<\/table>\n<\/div>\n<p><a id=\"c772\"><\/a><\/p>\n<h3>EMAA AKTUELL<\/h3>\n<p><strong>TERMINE:\u00a0\u00a0\u00a0\u00a0<\/strong><\/p>\n<p>Die n\u00e4chste EMAA-Arbeitssitzung findet am 15. November 2008.<\/p>\n<p>Eine Anmeldung ist erforderlich.<\/p>\n<p>Weitere Infos zu den Terminen: <a href=\"http:\/\/www.emaa.de\/?cat=4\" target=\"page\">www.emaa.de\/58.0.html<\/a><\/p>\n<p>&nbsp;<\/p>\n<p><strong>Seminarangebote unserer Mitgliedsverb\u00e4nde<\/strong><\/p>\n<p><strong>BVBC, Deutschland<\/strong><\/p>\n<p>Latente Steuern nach neuem HGB (BilMoG) und IFRS, 7.11.2008, von 9.00 Uhr \u2013 17.00 Uhr, Koblenz<\/p>\n<p>\u201aNPO Praxistag 2008\u2019, 18.11.2008, von 10.00 Uhr -17.00 Uhr, Frankfurt a.M.<\/p>\n<p>Konzernrechnungslegung nach neuem HGB (BilMoG) und IFRS, 24.\/25.11.2008,<\/p>\n<p>9.00 Uhr &#8211; 17.00 Uhr, Hagen<\/p>\n<p>Information unter <a href=\"http:\/\/www.bvbc.de\/karriere-portal\/weiterbildung\/fachbereiche.html\" target=\"_blank\">http:\/\/www.bvbc.de\/karriere-portal\/weiterbildung\/fachbereiche.html<\/a><\/p>\n<p>&nbsp;<\/p>\n<p><strong>B\u00d6B<a name=\"Klubseminare\"><\/a>, \u00d6sterreich<\/strong><\/p>\n<p><strong>Klubseminare<\/strong><strong> im \u00dcberblick \u00f6sterreichweit\u00a0<\/strong><\/p>\n<p>\u201aSalzburger Bildungstage\u2019, am 27.+28.11.2008, in Salzburg<\/p>\n<p>Information unter <a href=\"http:\/\/www.boeb.at\/willi\/sbg2008.pdf\" target=\"_blank\">www.boeb.at\/willi\/sbg2008.pdf<\/a><\/p>\n<p>Weitere Information unter <a href=\"http:\/\/www.boeb.at\/Seminare\/seminar_inhalt.html\" target=\"_blank\">www.boeb.at\/Seminare\/seminar_inhalt.html<\/a><\/p>\n<p>&nbsp;<\/p>\n<p><strong>VEB, Schweiz<\/strong><\/p>\n<p>Information unter <a href=\"http:\/\/www.veb.ch\/html\/veranstaltungen.html\" target=\"_blank\">www.veb.ch\/html\/veranstaltungen.html<\/a><\/p>\n<p>&nbsp;<\/p>\n<p><strong>SU, Tschechische Republik:<\/strong><\/p>\n<p>Information unter <a href=\"http:\/\/www.svaz-ucetnich.cz\/\" target=\"_blank\">http:\/\/www.svaz-ucetnich.cz<\/a><\/p>\n<p>&nbsp;<\/p>\n<div>\n<table class=\"imgtext-table\" border=\"0\" width=\"475\" cellspacing=\"0\" cellpadding=\"0\">\n<tbody>\n<tr>\n<td colspan=\"1\"><\/td>\n<\/tr>\n<tr>\n<td valign=\"top\"><img loading=\"lazy\" decoding=\"async\" title=\"\" src=\"http:\/\/emaa.de\/wp-878ef-content\/uploads\/2015\/02\/Spacer_860836_17.jpg\" alt=\"\" width=\"475\" height=\"16\" align=\"top\" border=\"0\" \/><\/td>\n<\/tr>\n<\/tbody>\n<\/table>\n<\/div>\n<p><a id=\"c770\"><\/a><\/p>\n<h3>EMAA LOBBYARBEIT<\/h3>\n<p><strong>Zertifizierung f\u00fcr qualifizierte Bilanzbuchhalter\/innen und Controller\/innen<\/strong><\/p>\n<p>Bilanzbuchhalter und Controller m\u00fcssen hinsichtlich ihres erworbenen Fach-Know-hows &#8222;am Ball bleiben&#8220;. Eine regelm\u00e4\u00dfige eigenst\u00e4ndige Weiterbildung ist daher unabdingbar \u2013 auch wenn hierf\u00fcr derzeit keine berufsrechtliche oder kammerbezogene Verpflichtung besteht. Dies gilt sowohl f\u00fcr die berufliche Fitness und Weiterentwicklung (Bewerbung, innerbetriebliche Karriere usw.) der Angestellten im Rechnungswesen als auch f\u00fcr den Kompetenz-Nachweis der Selbstst\u00e4ndigen gegen\u00fcber ihren Unternehmenskunden:<\/p>\n<p>Der Beck Verlag hat im Rahmen der BVBC Fachzeitschrift\u00a0 eine \u2013Zertifizierung von Fachwissen ins Leben gerufen. Durch die Zeitschrift BC (Print) wird vermitteltes Fachwissen in Verbindung mit webbasierten Tests (online) aktualisiert und vertieft. Die Weiterbildungsinhalte sind frei von wirtschaftlichen Interessen.<\/p>\n<p>F\u00fcr Ihre pers\u00f6nliche erfolgreiche Teilnahme an einem Test zur &#8222;BC-Zertifizierung&#8220; gibt es eine Bescheinigung, die von dem Zertifizierungsteam ausgestellt wird \u2013 <strong>der HTW Aalen, dem Bundesverband der Bilanzbuchhalter und Controller e.V. (BVBC) sowie dem Verlag C. H. Beck (BC-Redaktion).<\/strong><\/p>\n<p><strong>Das BC-Testverfahren<\/strong><\/p>\n<p>Die f\u00fcr die BC-Zertifizierung gestellten Fragen (innerhalb des Online-Tests) beziehen sich auf den Inhalt eines bestimmten Fachbeitrags aus der Zeitschrift &#8222;Bilanzbuchhalter und Controller&#8220; (BC), dessen Titel und Fundstelle zu Beginn der Fragen angegeben werden. Die Fragen sind auch in der jeweiligen BC-Ausgabe abgedruckt.<\/p>\n<p>Die Antworten werden online im Multiple-Choice-Verfahren vorgegeben und von Ihnen ausgew\u00e4hlt, wobei pro Fragestellung eine Antwort richtig ist.<\/p>\n<p>Zugang erhalten Sie unter:<br \/>\n<a href=\"http:\/\/rsw.beck.de\/rsw.net\/cle\/(S(41ysnd55ustmyk45e3qxgz45))\/start.aspx\" target=\"_blank\">http:\/\/rsw.beck.de\/rsw.net\/cle\/(S(41ysnd55ustmyk45e3qxgz45))\/start.aspx<\/a><\/p>\n<p>&nbsp;<\/p>\n<p>&nbsp;<\/p>\n<div>\n<table class=\"imgtext-table\" border=\"0\" width=\"475\" cellspacing=\"0\" cellpadding=\"0\">\n<tbody>\n<tr>\n<td colspan=\"1\"><\/td>\n<\/tr>\n<tr>\n<td valign=\"top\"><img loading=\"lazy\" decoding=\"async\" title=\"\" src=\"http:\/\/emaa.de\/wp-878ef-content\/uploads\/2015\/02\/Spacer_8e9001_17.jpg\" alt=\"\" width=\"475\" height=\"16\" align=\"top\" border=\"0\" \/><\/td>\n<\/tr>\n<\/tbody>\n<\/table>\n<\/div>\n<p><a id=\"c768\"><\/a><\/p>\n<h3>EUROPA VON A &#8211; Z<\/h3>\n<p><strong>Informationsveranstaltungen zum EUROPASS-Rahmenkonzept <\/strong><strong>in Mainz und Kiel<\/strong><\/p>\n<p>Das Nationale Europass Center l\u00e4dt zu zwei Veranstaltungen in den Industrie und Handelskammern in Mainz (4.11.2008) und Kiel (6.11.2008) ein. Das EUROPASS-Rahmenkonzept mit allen f\u00fcnf Dokumenten wird vorgestellt, seine Hintergr\u00fcnde und m\u00f6gliche zuk\u00fcnftige Entwicklungen werden erl\u00e4utert. Weitere Themen in diesem Zusammenhang sind das &#8222;Europ\u00e4ische Leistungspunktesystem f\u00fcr die Berufsbildung&#8220; (ECVET), der &#8222;Europ\u00e4ische Qualifikationsrahmen&#8220; (EQF) sowie das Programm f\u00fcr lebenslanges Lernen (PLL), mit Schwerpunkt auf dem Bereich LEONARDO DA VINCI-Mobilit\u00e4t.<\/p>\n<p>Erl\u00e4utert wird auch das Antragsverfahren des EUROPASS-Mobilit\u00e4t und es werden Tipps f\u00fcr die Erstellung des EUROPASS-Lebenslaufs und des EUROPASS-Sprachenpasses gegeben. Die Teilnahme an der Veranstaltung ist kostenfrei.<\/p>\n<p>Das Programm und die M\u00f6glichkeit zur Anmeldung finden Sie auf der Internetseite des<br \/>\n<a title=\"http:\/\/www.europass-info.de\/de\/europass-archiv.asp\" href=\"http:\/\/www.europass-info.de\/de\/europass-archiv.asp\" target=\"_blank\">Nationalen Europass Centers Deutschland<\/a><\/p>\n<p>&nbsp;<\/p>\n<p>&nbsp;<\/p>\n<div>\n<table class=\"imgtext-table\" border=\"0\" width=\"475\" cellspacing=\"0\" cellpadding=\"0\">\n<tbody>\n<tr>\n<td colspan=\"1\"><\/td>\n<\/tr>\n<tr>\n<td valign=\"top\"><img loading=\"lazy\" decoding=\"async\" title=\"\" src=\"http:\/\/emaa.de\/wp-878ef-content\/uploads\/2015\/02\/Spacer_764b33_17.jpg\" alt=\"\" width=\"475\" height=\"16\" align=\"top\" border=\"0\" \/><\/td>\n<\/tr>\n<\/tbody>\n<\/table>\n<\/div>\n<p><a id=\"c766\"><\/a><\/p>\n<h3>STEUERN UND RECHT<\/h3>\n<p><strong>Das BMWi schreibt in seinem Beitrag zur\u00a0 Gewerbesteuer:<\/strong><\/p>\n<p>Die Gewerbesteuer ist die wichtigste Einnahmequelle der Kommunen zur Bestreitung ihrer \u00f6ffentlichen Ausgaben. Gewerbesteuer m\u00fcssen Sie bezahlen, wenn Sie ein Gewerbe betreiben: wenn Sie also Unternehmerin oder Unternehmer insbesondere in Handel, Handwerk, Dienstleistungen und Industrie sind. Freie Berufe und Landwirte gelten in der Regel nicht als Gewerbetreibende. Die Gewerbesteuer wird von den Kommunen auf den Gewerbeertrag eines Unternehmens erhoben. Die letztendliche H\u00f6he wird von diesen auch selbst festgesetzt.<\/p>\n<p><strong>Gewerbesteuer je nach Standort<\/strong><\/p>\n<p>Die Gewerbesteuer ist abh\u00e4ngig vom Gewerbeertrag eines Betriebes, wobei nat\u00fcrliche Personen und Personengesellschaften einen Freibetrag von 24.500 Euro pro Jahr geltend machen k\u00f6nnen. Dieser ist Grundlage f\u00fcr die Steuerberechnungen. Das Ergebnis dieser Berechnungen multiplizieren die Gemeinden schlie\u00dflich mit einem eigenen Prozentsatz (Hebesatz). Dieser variiert je nach Standort. Nicht selten gelten daher selbst f\u00fcr unmittelbar benachbarte Standorte deutlich unterschiedliche Konditionen. Durch die Wahl des Standortes k\u00f6nnen Sie also j\u00e4hrlich mehrere tausend Euro sparen.<\/p>\n<p><strong><br \/>\nGewerbesteuer abf\u00fchren<\/strong><\/p>\n<p>Gewerbesteuer m\u00fcssen Sie pro Quartal an i.d.R. Ihre Gemeinde vorauszahlen. Eine Jahresabrechnung der Gewerbesteuer erfolgt mit Ihrer Gewerbesteuererkl\u00e4rung nach Ablauf des Kalenderjahres. Die Gewerbesteuererkl\u00e4rung geben Sie bei Ihrem Finanzamt ab. Dieses setzt den Gewerbesteuermessbetrag fest und informiert die Gemeinde. Von der Gemeinde erhalten Sie dann den Gewerbesteuerbescheid.<\/p>\n<p><strong>Hinweis:<br \/>\n<\/strong>Seit 2008 darf die Gewerbesteuer nicht mehr als Betriebsausgabe bei der Einkommen- und K\u00f6rperschaftsteuer abgesetzt werden. Um die steuerliche Mehrbelastung gering zu halten, wird der Faktor f\u00fcr die Anrechnung der Gewerbesteuer auf die Einkommensteuer auf das 3,8-fache des Gewerbesteuermessbetrags angehoben (fr\u00fcher: 1,8). F\u00fcr Einzelunternehmen, Personen- und Kapitalgesellschaften gilt eine einheitliche Steuermesszahl von 3,5 Prozent vom Gewerbeertrag. Der so genannte Staffeltarif wurde abgeschafft.<\/p>\n<p>Au\u00dferdem wurden die Vorschriften f\u00fcr die Hinzurechnung von Schuldzinsen, Finanzierungsanteile aus Miet- und Pachtzinsen, Leasingraten und Lizenzen f\u00fcr Gewinn aus Gewerbebetrieb ge\u00e4ndert. Sie werden zu einem Viertel dem Gewerbeertrag hinzugerechnet sofern die Summe den Betrag von 100.000 Euro \u00fcbersteigt.<\/p>\n<div>\n<table class=\"imgtext-table\" border=\"0\" width=\"475\" cellspacing=\"0\" cellpadding=\"0\">\n<tbody>\n<tr>\n<td colspan=\"1\"><\/td>\n<\/tr>\n<tr>\n<td valign=\"top\"><img loading=\"lazy\" decoding=\"async\" title=\"\" src=\"http:\/\/emaa.de\/wp-878ef-content\/uploads\/2015\/02\/Spacer_fc8554_17.jpg\" alt=\"\" width=\"475\" height=\"16\" align=\"top\" border=\"0\" \/><\/td>\n<\/tr>\n<\/tbody>\n<\/table>\n<\/div>\n<p><a id=\"c764\"><\/a><\/p>\n<h3>EDV UND SOFTWARE<\/h3>\n<p><strong>Trojaner und andere Spyware<\/strong><strong><br \/>\n<\/strong>Vermeiden Sie zun\u00e4chst jede Panik-Reaktion &#8211; damit l\u00f6sen Sie meist gr\u00f6ssere Sch\u00e4den aus, als es der Trojaner k\u00f6nnte.<\/p>\n<p>1)\u00a0\u00a0\u00a0\u00a0\u00a0 Speichern Sie alle offenen Dateien und wichtigen Daten auf Diskette oder einer CD-ROM (befallene Daten sind besser als gar keine Daten).<\/p>\n<p>2)\u00a0\u00a0\u00a0\u00a0\u00a0 Informieren Sie sich unter <a href=\"http:\/\/www.microsoft.com\/switzerland\/security\/de\/privat\/threat\/default.mspx\" target=\"_blank\">aktuelle Bedrohungen<\/a> \u00fcber den Trojaner und die M\u00f6glichkeiten, die Sch\u00e4den zu beheben.<\/p>\n<p>3)\u00a0\u00a0\u00a0\u00a0\u00a0 Es ist nicht n\u00f6tig, den Computer abzuschalten, schon gar nicht, voreilig die Festplatte zu formatieren.<br \/>\n<strong>Wie entfernen Sie einen Trojaner?<\/strong><br \/>\nWenn sich ein Trojaner auf Ihrem PC eingenistet hat:<\/p>\n<p>(1)\u00a0\u00a0 \u00a0\u00a0\u00a0\u00a0\u00a0\u00a0 Versuchen Sie zun\u00e4chst, ihn mit Ihrer Antivirus-Software zu entfernen. Aktualisieren Sie dazu Ihre Antivirus-Software. (eine Installationsanleitung, falls Sie noch kein entsprechendes Programm installiert hatten, finden Sie unter &#8222;<a href=\"http:\/\/www.microsoft.com\/switzerland\/protect\/de\/firewall_oscheck.mspx\" target=\"_blank\">Sch\u00fctzen Sie Ihren PC<\/a>&#8222;).<\/p>\n<p>(2)\u00a0\u00a0 \u00a0\u00a0\u00a0\u00a0\u00a0\u00a0 Lassen Sie dann den Virenscanner Ihren PC durchsuchen. Stellen Sie den Virenscanner so ein, dass alle Dateien untersucht werden. Wenn der Virenscanner den Trojaner findet, kann er ihn ziemlich sicher auch entfernen.<\/p>\n<p>(3)\u00a0\u00a0 \u00a0\u00a0\u00a0\u00a0\u00a0\u00a0 Findet Ihre bestehende Antivirus-Software den Trojaner nicht oder kann ihn nicht entfernen, installieren Sie ein spezielles Anti-Trojaner-Programm. Anti-Trojaner-Programme k\u00f6nnen Sie z.B. auf den folgenden Websites kaufen:<\/p>\n<p><a href=\"http:\/\/www.pestpatrol.de\/\" target=\"_blank\">http:\/\/www.pestpatrol.de<\/a><\/p>\n<p><a href=\"http:\/\/www.anti-trojan.net\/de\" target=\"_blank\">http:\/\/www.anti-trojan.net\/de<\/a><\/p>\n<p>Sollte das Anti-Trojaner-Programm keine Wirkung zeigen, \u00fcberlassen Sie die Beseitigung des Sch\u00e4dlings einer Fachperson.<\/p>\n<p><strong>Wie k\u00f6nnen Sie Spyware aufsp\u00fcren und entfernen?<\/strong><br \/>\nSpyware ist in der Regel gut versteckt. Die beste Methode, um Spyware zu entdecken und zu entfernen, sind deshalb spezielle Anti-Spyware-Programme. Diese entdecken und entfernen entweder bereits installierte Spyware oder unterbinden deren Aktivit\u00e4ten, indem Sie melden, wenn ein Programm Daten ins Internet verschickt.<br \/>\n<a href=\"http:\/\/www.microsoft.com\/downloads\/details.aspx?familyid=321cd7a2-6a57-4c57-a8bd-dbf62eda9671&amp;displaylang=en\" target=\"_blank\">Microsoft Windows AntiSpyware (Beta)<\/a><br \/>\nWeitere Anti-Spyware Programme finden Sie unter:<\/p>\n<p><a href=\"http:\/\/www.spychecker.com\/\" target=\"_blank\">www.spychecker.com<\/a><\/p>\n<p><a href=\"http:\/\/www.safer-networking.org\/\" target=\"_blank\">www.safer-networking.org<\/a><\/p>\n<p><a href=\"http:\/\/www.spysweeper.com\/\" target=\"_blank\">www.spysweeper.com<\/a><\/p>\n<p><a href=\"http:\/\/www.bhv.de\/\" target=\"_blank\">www.bhv.de<\/a><\/p>\n<p>Sollte das Anti-Spyware-Programm keine Wirkung zeigen, \u00fcberlassen Sie die Beseitigung einer Fachperson.<\/p>\n<p><strong>Hinweis:<\/strong> Da Trojaner und andere Spyware meistens als Anhang von Gratissoftware auf Ihren PC gelangen, k\u00f6nnen Sie sich in Zukunft am besten sch\u00fctzen, indem Sie keine solche Software installieren oder diese zumindest vorsichtig ausw\u00e4hlen. Firewalls n\u00fctzen in diesem Fall wenig, weil Sie ja bei Gratis-Downloads die Erlaubnis geben, eine bestimmte Software herunterzuladen und zu installieren.<\/p>\n<p><strong>Weitere Infos gibt es auch im Newsletter von Freeware.de<\/strong><br \/>\nDort k\u00f6nnen Sie den Wochen Newsletter abonnieren. Erscheint jeden Freitag mit den besten Downloads der Woche<br \/>\n<a href=\"http:\/\/www.freeware.de\/newsletter\" target=\"_blank\">http:\/\/www.freeware.de\/newsletter<\/a><\/p>\n<p>&nbsp;<\/p>\n<div>\n<table class=\"imgtext-table\" border=\"0\" width=\"475\" cellspacing=\"0\" cellpadding=\"0\">\n<tbody>\n<tr>\n<td colspan=\"1\"><\/td>\n<\/tr>\n<tr>\n<td valign=\"top\"><img loading=\"lazy\" decoding=\"async\" title=\"\" src=\"http:\/\/emaa.de\/wp-878ef-content\/uploads\/2015\/02\/Spacer_405408_17.jpg\" alt=\"\" width=\"475\" height=\"16\" align=\"top\" border=\"0\" \/><\/td>\n<\/tr>\n<\/tbody>\n<\/table>\n<\/div>\n<p><a id=\"c761\"><\/a><\/p>\n<h3>AKTUELLE NEUIGKEITEN IN DER INTERNATIONALEN RECHNUNGSLEGUNG<\/h3>\n<p><strong>EU \u00e4ndert f\u00fcr Banken die Bilanzierungsrichtlinien<\/strong><\/p>\n<p>&nbsp;<\/p>\n<p>Die Europ\u00e4ische Union hat wegen der Finanzmarktkrise die Bilanzierungsregeln f\u00fcr Banken ge\u00e4ndert. Ihnen soll dadurch rechtzeitig vor den Bilanzberichten f\u00fcr das dritte Quartal die buchm\u00e4\u00dfige Abschreibung wertlos gewordener Aktiva erspart werden. Die neuen Regeln wirken dem Problem entgegen, dass Banken diese Aktiva stets zum aktuellen B\u00f6rsenwert verbuchen und dadurch hohe Wertberichtigungen vornehmen m\u00fcssen. F\u00fcr die Zeit, in der die Papiere nicht gehandelt werden k\u00f6nnen, da der Markt zusammengebrochen ist, sollen sie k\u00fcnftig nicht zu ihrem aktuellen Wert bilanziert werden m\u00fcssen.<\/p>\n<p>&nbsp;<\/p>\n<p><strong>Bilanzrechtsmodernisierungsgesetz im Wartestand<\/strong><\/p>\n<p><em>Stand des Gesetzgebungsverfahrens<\/em><\/p>\n<p>Auf der Sitzung des Bundestages am 25.9.2008 wurden beraten:<\/p>\n<ul type=\"disc\">\n<li>der Regierungsentwurf zum Bilanzrechtsmodernisierungsgesetzes (BilMoG) vom 21.5.2008 sowie<\/li>\n<li>die Stellungnahme des Bundesrats (vom 4.7.2008) und der Gegen\u00e4u\u00dferung der Bundesregierung (vom 30.7.2008 ).<\/li>\n<\/ul>\n<p>Dabei wurde der Gesetzentwurf an den Rechtsausschuss (federf\u00fchrend), Finanzausschuss und Ausschuss f\u00fcr Wirtschaft und Technologie \u00fcberwiesen (vgl. Plenarprotokoll 16\/179, 19125). Der Rechtsausschuss hat nun am 15.10.2008 beschlossen, am 17.12.2008 eine Expertenanh\u00f6rung durchzuf\u00fchren. Eine Abstimmung des Bundesjustizministeriums mit den Berichterstattern des Rechtsausschusses \u00fcber das weitere Vorgehen soll am 13.11.2008 stattfinden. In diesem Zusammenhang ist auch auf die Kleine Anfrage der FDP-Fraktion vom 15.10.2008, BT-Drs. 16\/10633, betreffend die aktuelle Lage auf den Finanzm\u00e4rkten und deren Auswirkungen auf das Bilanzrechtsmodernisierungsgesetz, hinzuweisen.<\/p>\n<p>Da es sich um ein zustimmungspflichtiges Gesetz nach Art. 76 Abs. 2 des Grundgesetzes handelt, wird mit dem Abschluss des parlamentarischen Verfahrens nicht vor Fr\u00fchjahr 2009 gerechnet. Das <strong>Inkrafttreten des Gesetzes<\/strong> ist daher<strong>fr\u00fchestens zum 1.1.2010 zu erwarten<\/strong>. Ob bestimmte Teile, z.B. die Erh\u00f6hung der Schwellenwerte nach \u00a7 267 und \u00a7 293 HGB, bereits fr\u00fcher angewandt werden d\u00fcrfen, bleibt offen.<\/p>\n<div>\n<table class=\"imgtext-table\" border=\"0\" width=\"475\" cellspacing=\"0\" cellpadding=\"0\">\n<tbody>\n<tr>\n<td colspan=\"1\"><\/td>\n<\/tr>\n<tr>\n<td valign=\"top\"><img loading=\"lazy\" decoding=\"async\" title=\"\" src=\"http:\/\/emaa.de\/wp-878ef-content\/uploads\/2015\/02\/Spacer_fe62a7_30.jpg\" alt=\"\" width=\"475\" height=\"16\" align=\"top\" border=\"0\" \/><\/td>\n<\/tr>\n<\/tbody>\n<\/table>\n<\/div>\n<p><a id=\"c759\"><\/a><\/p>\n<h3>BUCHTIPP<\/h3>\n<p>IFRS: Kapitalflussrechnung<\/p>\n<p>vorstellen und Sie zur Rezension einladen. Wir freuen uns, wenn Sie den Titel besprechen und Ihren Lesern vorstellen w\u00fcrden.<\/p>\n<p>Eingef\u00fcgt finden Sie den \u201eWaschzetteltext\u201c, das Cover ist \u00a0ebenfalls im Anhang.<\/p>\n<p>IFRS: Kapitalflussrechnung<\/p>\n<p>Darstellung und Analsyse von Cashflows und Zahlungsmitteln<\/p>\n<p>Von Andreas Eiselt und Prof. Dr. Stefan M\u00fcller<\/p>\n<p>2008, 135 Seiten, mit zahlreichen Abbildungen, kartoniert, Euro (D) 28,00<\/p>\n<p>Reihe: IFRS Best Practice (IBP), Band 8<\/p>\n<p>ISBN 978 3 503 10390 4<\/p>\n<p>Die Kapitalflussrechnung ist eines der wichtigsten Steuerungsinstrumente in der unternehmerischen Praxis und Pflichtbestandteil von Konzernabschl\u00fcssen. Das Erstellen und Analysieren von Kapitalflussrechnungen bei Rechnungslegung nach IFRS erfordert jedoch komplexes Fachwissen.<\/p>\n<p>Das Buch von Andreas Eiselt und Stefan M\u00fcller hilft, diese Komplexit\u00e4t zu bew\u00e4ltigen. Die Autoren informieren \u00fcber:<\/p>\n<ol type=\"1\">\n<li>Rechtsgrundlagen und Grundverst\u00e4ndnis<\/li>\n<li>Erstellung, Ausgestaltung und Analyse von Kapitalflussrechnungen<\/li>\n<li>Anwendungsfragen in Zusammenhang mit IAS 7.<\/li>\n<\/ol>\n<p>Dieses Werk<\/p>\n<p>\u00fc\u00a0\u00a0\u00a0\u00a0\u00a0 diskutiert zu allen Teilthemen bilanzpolitische Potenziale,<\/p>\n<p>\u00fc\u00a0\u00a0\u00a0\u00a0\u00a0 gibt Hinweise zu technischen Anwendungsaspekten und<\/p>\n<p>\u00fc\u00a0\u00a0\u00a0\u00a0\u00a0 wirkt unterst\u00fctzend mit Beispielen und Best-Practice-Analysen!<\/p>\n<p>Unentbehrliches Fachwissen f\u00fcr Fach- und F\u00fchrungskr\u00e4fte in Rechnungswesen und Controlling!<\/p>\n<div>\n<table class=\"imgtext-table\" border=\"0\" width=\"475\" cellspacing=\"0\" cellpadding=\"0\">\n<tbody>\n<tr>\n<td colspan=\"1\"><\/td>\n<\/tr>\n<tr>\n<td valign=\"top\"><img loading=\"lazy\" decoding=\"async\" title=\"\" src=\"http:\/\/emaa.de\/wp-878ef-content\/uploads\/2015\/02\/Spacer_fe62a7_29.jpg\" alt=\"\" width=\"475\" height=\"16\" align=\"top\" border=\"0\" \/><\/td>\n<\/tr>\n<\/tbody>\n<\/table>\n<\/div>\n<p><img loading=\"lazy\" decoding=\"async\" class=\"spacer-gif\" title=\"\" src=\"http:\/\/www.emaa.de\/wp-878ef-content\/uploads\/2015\/02\/clear.gif\" alt=\"\" width=\"1\" height=\"6\" border=\"0\" \/><br \/>\n<a id=\"c757\"><\/a><\/p>\n<p>M\u00f6chten Sie k\u00fcnftig die EMAA-EUROPA-INFOs nicht mehr beziehen, k\u00f6nnen Sie den Service jederzeit mit einer Mitteilung an die EMAA (<a>kontakt@emaa.de<\/a>) stornieren.<\/p>\n<p>European Management Accountants Association e.V<br \/>\nEMAA e.V.<br \/>\nAm Propsthof 15 &#8211; 17<br \/>\n53121 Bonn<br \/>\nTelefon: +49 (0)228 &#8211; 9 63 93 18, Telefax: +49 (0)228 &#8211; 9 63 93 14<br \/>\nE-Mail: <a>kontakt@emaa.de<\/a>\u00a0 Internet: <a href=\"http:\/\/www.emaa.de\/\" target=\"_blank\">http:\/\/www.emaa.de<\/a><\/p>\n<p>&nbsp;<\/p>\n","protected":false},"excerpt":{"rendered":"<p>EMAA-EUROPA-INFOs November 2008 Sehr geehrte Kolleginnen und Kollegen, in dieser Ausgabe finden Sie folgende Themen: Termine EMAA-Lobbyarbeit EUROPA von A \u2013 Z Steuern und Recht EDV und Software Aktuelle Neuigkeiten in der internationalen Rechnungslegung Buchtipp Wir hoffen, Ihnen interessante Informationen und Beitr\u00e4ge liefern zu k\u00f6nnen! Ihr EMAA-Team EMAA AKTUELL TERMINE:\u00a0\u00a0\u00a0\u00a0 Die n\u00e4chste EMAA-Arbeitssitzung findet am [&hellip;]<\/p>\n","protected":false},"author":1,"featured_media":0,"comment_status":"closed","ping_status":"closed","sticky":false,"template":"","format":"standard","meta":{"footnotes":""},"categories":[29,280],"tags":[],"class_list":["post-432","post","type-post","status-publish","format-standard","hentry","category-europa-info","category-tschechien"],"_links":{"self":[{"href":"http:\/\/emaa.de\/index.php?rest_route=\/wp\/v2\/posts\/432","targetHints":{"allow":["GET"]}}],"collection":[{"href":"http:\/\/emaa.de\/index.php?rest_route=\/wp\/v2\/posts"}],"about":[{"href":"http:\/\/emaa.de\/index.php?rest_route=\/wp\/v2\/types\/post"}],"author":[{"embeddable":true,"href":"http:\/\/emaa.de\/index.php?rest_route=\/wp\/v2\/users\/1"}],"replies":[{"embeddable":true,"href":"http:\/\/emaa.de\/index.php?rest_route=%2Fwp%2Fv2%2Fcomments&post=432"}],"version-history":[{"count":1,"href":"http:\/\/emaa.de\/index.php?rest_route=\/wp\/v2\/posts\/432\/revisions"}],"predecessor-version":[{"id":433,"href":"http:\/\/emaa.de\/index.php?rest_route=\/wp\/v2\/posts\/432\/revisions\/433"}],"wp:attachment":[{"href":"http:\/\/emaa.de\/index.php?rest_route=%2Fwp%2Fv2%2Fmedia&parent=432"}],"wp:term":[{"taxonomy":"category","embeddable":true,"href":"http:\/\/emaa.de\/index.php?rest_route=%2Fwp%2Fv2%2Fcategories&post=432"},{"taxonomy":"post_tag","embeddable":true,"href":"http:\/\/emaa.de\/index.php?rest_route=%2Fwp%2Fv2%2Ftags&post=432"}],"curies":[{"name":"wp","href":"https:\/\/api.w.org\/{rel}","templated":true}]}}