{"id":438,"date":"2015-01-14T14:12:21","date_gmt":"2015-01-14T13:12:21","guid":{"rendered":"http:\/\/www.emaa.de\/?p=438"},"modified":"2016-03-06T11:46:20","modified_gmt":"2016-03-06T10:46:20","slug":"europa-info-februar-2009","status":"publish","type":"post","link":"http:\/\/emaa.de\/?p=438","title":{"rendered":"Europa Info Februar 2009"},"content":{"rendered":"<h1><a href=\"http:\/\/www.emaa.de\/wp-878ef-content\/uploads\/2015\/01\/emaa_logo_01.jpg\"><img loading=\"lazy\" decoding=\"async\" class=\"alignnone size-full wp-image-267\" src=\"http:\/\/www.emaa.de\/wp-878ef-content\/uploads\/2015\/01\/emaa_logo_01.jpg\" alt=\"emaa_logo_01\" width=\"92\" height=\"92\" srcset=\"http:\/\/emaa.de\/wp-878ef-content\/uploads\/2015\/01\/emaa_logo_01.jpg 92w, http:\/\/emaa.de\/wp-878ef-content\/uploads\/2015\/01\/emaa_logo_01-48x48.jpg 48w\" sizes=\"auto, (max-width: 92px) 100vw, 92px\" \/><\/a><\/h1>\n<h1>EMAA-EUROPA-INFOs Februar 2009<\/h1>\n<p>Sehr geehrte Kolleginnen und Kollegen,<\/p>\n<p>in dieser Ausgabe finden Sie folgende Themen:<\/p>\n<ul>\n<li><span class=\"internal-link\">Termine<\/span><\/li>\n<li><span class=\"internal-link\">EMAA-Lobbyarbeit<\/span><\/li>\n<li><span class=\"internal-link\">EUROPA von A \u2013 Z<\/span><\/li>\n<li><span class=\"internal-link\">Steuern und Recht<\/span><\/li>\n<li><span class=\"internal-link\">Fachbegriffe<\/span><\/li>\n<li>Aktuelle Neuigkeiten in der internationalen Rechnungslegung<\/li>\n<li>Buchtipp<\/li>\n<\/ul>\n<p>Wir hoffen, Ihnen interessante Informationen und Beitr\u00e4ge liefern zu k\u00f6nnen!<br \/>\n<strong>Ihr EMAA-Team<\/strong><\/p>\n<div>\n<table class=\"imgtext-table\" border=\"0\" width=\"475\" cellspacing=\"0\" cellpadding=\"0\">\n<tbody>\n<tr>\n<td colspan=\"1\"><\/td>\n<\/tr>\n<tr>\n<td valign=\"top\"><img loading=\"lazy\" decoding=\"async\" title=\"\" src=\"http:\/\/emaa.de\/wp-878ef-content\/uploads\/2015\/02\/Spacer_d987b2_22.jpg\" alt=\"\" width=\"475\" height=\"16\" align=\"top\" border=\"0\" \/><\/td>\n<\/tr>\n<\/tbody>\n<\/table>\n<\/div>\n<p>&nbsp;<\/p>\n<h3>EMAA AKTUELL<\/h3>\n<p><strong>TERMINE:\u00a0\u00a0\u00a0\u00a0<\/strong><\/p>\n<p>Der Termin f\u00fcr die n\u00e4chste Arbeitssitzung ist der 07.03.2009 in Bonn.<\/p>\n<p>Weitere Infos zu den Terminen: <a href=\"http:\/\/www.emaa.de\/?cat=4\" target=\"page\">www.emaa.de\/58.0.html<\/a><\/p>\n<p><strong>Seminarangebote unserer Mitgliedsverb\u00e4nde<\/strong><\/p>\n<p>&nbsp;<\/p>\n<h3>BVBC; Deutschland<\/h3>\n<p><strong>28.-30.05.2009<\/strong> BVBC Kongress und kongressbegleitende Ausstellung<strong><br \/>\nReWeCo\u00d2 <\/strong>in Celle; Niedersachsen<\/p>\n<p>Information unter <a href=\"http:\/\/www.bvbc.de\/karriere-portal\/weiterbildung\/fachbereiche.html\" target=\"_blank\">http:\/\/www.bvbc.de\/karriere-portal\/weiterbildung\/fachbereiche.html<\/a><\/p>\n<p>&nbsp;<\/p>\n<p><strong>B\u00d6B, \u00d6sterreich<\/strong><\/p>\n<p><strong>Klubseminare im \u00dcberblick \u00f6sterreichweit\u00a0<\/strong><\/p>\n<p>Information unter <a href=\"http:\/\/www.boeb.at\/Seminare\/seminar_inhalt.html\" target=\"_blank\">www.boeb.at\/Seminare\/seminar_inhalt.html<\/a><\/p>\n<p>&nbsp;<\/p>\n<p><strong>VEB, Schweiz<\/strong><\/p>\n<p>Information unter <a href=\"http:\/\/www.veb.ch\/html\/veranstaltungen.html\" target=\"_blank\">www.veb.ch\/html\/veranstaltungen.html<\/a><\/p>\n<p>&nbsp;<\/p>\n<p><strong>SU, Tschechische Republik:<\/strong><\/p>\n<p>Information unter <a href=\"http:\/\/www.svaz-ucetnich.cz\/\" target=\"_blank\">http:\/\/www.svaz-ucetnich.cz<\/a><\/p>\n<div>\n<table class=\"imgtext-table\" border=\"0\" width=\"475\" cellspacing=\"0\" cellpadding=\"0\">\n<tbody>\n<tr>\n<td colspan=\"1\"><\/td>\n<\/tr>\n<tr>\n<td valign=\"top\"><img loading=\"lazy\" decoding=\"async\" title=\"\" src=\"http:\/\/emaa.de\/wp-878ef-content\/uploads\/2015\/02\/Spacer_860836_22.jpg\" alt=\"\" width=\"475\" height=\"16\" align=\"top\" border=\"0\" \/><\/td>\n<\/tr>\n<\/tbody>\n<\/table>\n<\/div>\n<p>&nbsp;<\/p>\n<h3>EMAA LOBBYARBEIT<\/h3>\n<p>EMAA-Sondersitzung, 10.01.2009, Wien, \u00d6sterreich<\/p>\n<p>&nbsp;<\/p>\n<p>W\u00e4hrend der EMAA-Fachtagung 2008 in Bad Ischl, wurde eine europ\u00e4ische Arbeitsgruppe gegr\u00fcndet, mit dem Ziel, Vorschl\u00e4ge f\u00fcr die zuk\u00fcnftige Organisation der EMAA zu erarbeiten. W\u00e4hrend der konstituierenden Sitzung im August 2008 sowie einer weiteren Arbeitssitzung in 2008 wurden zahlreiche Vorschl\u00e4ge f\u00fcr eine m\u00f6gliche Neuausrichtung erarbeitet. Zweck der EMAA-Sondersitzung in Wien war es, dass die Mitarbeiter der Arbeitsgruppe: Uwe J\u00fcttner, Deutschland; Manuela Stolz, Gerhard Peirhofer und Siegfried Mark, \u00d6sterreich; ihre Vorschl\u00e4ge dem EMAA-Pr\u00e4sidium zu pr\u00e4sentieren und zu erl\u00e4utern.<\/p>\n<p>&nbsp;<\/p>\n<p>Kernaussage der Pr\u00e4sentation war, dass die EMAA gem\u00e4\u00df Satzung auch Institutionen, wie z.B. \u00f6sterreichische Landesverb\u00e4nde, die WK\u00d6, oder deutsche Institutionen wie BVBC-Landesverb\u00e4nde ohne Satzungs\u00e4nderung als ordentliches Mitglied aufnehmen kann, was zweifelsohne von Vorteil gegen\u00fcber einer F\u00f6rdermitgliedschaft w\u00e4re, so Uwe J\u00fcttner. Im Anschluss soll nun gepr\u00fcft werden, welche F\u00f6rdermitgliedschaften in ordentliche Mitgliedschaften umgewandelt werden k\u00f6nnen.<\/p>\n<p>Als Anreiz f\u00fcr weitere ordentliche Mitglieder wurde die Vermarktung der Wortbildmarke \u201eEMA <sup>\u00ae<\/sup> European Management Accountant\u201c empfohlen. D.h., dass Verb\u00e4nde und Organisationen, die ordentliche Mitglieder der EMAA sind, das EMA-Logo verwenden k\u00f6nnen. Nach Ansicht der Arbeitsgruppe w\u00e4ren beispielsweise Seminaranbieter zuk\u00fcnftig in der Position, ihr Seminarangebot mit dem Logo aufzuwerten um sich somit im Wettbewerb deutlich von anderen Anbietern zu differenzieren. Ebenso wurde vorgeschlagen, das Logo \u00fcber die L\u00e4nderorganisationen gegen Entgelt zu vermieten. Zudem wurde durch die Arbeitsgruppe vorgeschlagen, dass gegen erstmalige Vorlage des Bilanzbuchhalterzeugnisses der Titel EMA <sup>\u00ae <\/sup>vergeben wird. Nach weiteren zwei Jahren w\u00fcrde Titel verfallen, es sei den, der Inhaber weist den Institutionen den Besuch von Weiterbildungsveranstaltungen nach, die ihn berechtigen, den Titel erneut gegen entsprechendes Entgelt zu erwerben.<\/p>\n<p>Abschlie\u00dfend \u00fcberzeugte Uwe J\u00fcttner die Anwesenden, dass der Titel EMA <sup>\u00ae <\/sup>eindeutig zu einem Mehrwert f\u00fcr Institutionen, insbesondere die Seminarveranstalter, f\u00fchrt.<\/p>\n<p>&nbsp;<\/p>\n<p>Weitere Arbeitsergebnisse der europ\u00e4ischen Arbeitsgruppe waren:<\/p>\n<p>1.\u00a0\u00a0\u00a0\u00a0\u00a0 Wichtig und hilfreich f\u00fcr die EMAA w\u00e4re die Pr\u00e4senz bei der EU in Br\u00fcssel, wobei die Arbeitsgruppe im ersten Schritt vorschl\u00e4gt, mit einem bereits in Br\u00fcssel akkreditierten Verband zu kooperieren.<\/p>\n<p>2.\u00a0\u00a0\u00a0\u00a0\u00a0 Die EMAA m\u00f6ge besonders im Grenzgebiet Seminare anbieten, welche wissenswerte, europ\u00e4ische Themen beinhalten sollen.<\/p>\n<p>3.\u00a0\u00a0\u00a0\u00a0\u00a0 Die EMAA soll in den nationalen Landesverb\u00e4nden bekanntgemacht werden, so beispielsweise w\u00e4hrend regionalen Seminaren, Mitgliederversammlungen und Infotreffs, wof\u00fcr eigens hinreichendes Informationsmaterial bereitgestellt wird.<\/p>\n<p>&nbsp;<\/p>\n<div>\n<table class=\"imgtext-table\" border=\"0\" width=\"475\" cellspacing=\"0\" cellpadding=\"0\">\n<tbody>\n<tr>\n<td colspan=\"1\"><\/td>\n<\/tr>\n<tr>\n<td valign=\"top\"><img loading=\"lazy\" decoding=\"async\" title=\"\" src=\"http:\/\/emaa.de\/wp-878ef-content\/uploads\/2015\/02\/Spacer_8e9001_22.jpg\" alt=\"\" width=\"475\" height=\"16\" align=\"top\" border=\"0\" \/><\/td>\n<\/tr>\n<\/tbody>\n<\/table>\n<\/div>\n<p>&nbsp;<\/p>\n<h3>EUROPA VON A &#8211; Z<\/h3>\n<p><strong>Deutsch-Britische Kammer informiert zum Prompt Payment Code<\/strong><\/p>\n<p>Die Rechtsabteilung der Deutsch-Britischen Industrie- und Handelskammer in London weist auf eine neue Verhaltensrichtlinie der britischen Regierung hin. Der Prompt Payment Code (PPC) soll insbesondere Gro\u00dfunternehmen zur Einhaltung der Zahlungsfristen anhalten. Unternehmen, die dem PPC angeh\u00f6ren, verpflichten sich zur fristgerechten Zahlung gegen\u00fcber zumeist kleineren Zulieferfirmen.<\/p>\n<p>Der Beitritt zum PPC ist freiwillig. Daher erscheint es mit Hinblick auf die derzeitige wirtschaftliche Lage fragw\u00fcrdig, ob die Einf\u00fchrung einer solchen Verhaltensrichtlinie den von der Regierung gew\u00fcnschten Erfolg erzielen wird. Angelika Baumgarte, Leiterin der Rechtsabteilung der Deutsch-Britischen Kammer, unterstreicht: \u201eF\u00fchrende Einzelh\u00e4ndler haben bereits ihre Zahlungsziele erheblich verl\u00e4ngert. Ob sich Unternehmen freiwillig dem Prompt Payment Code anschlie\u00dfen, erscheint im aktuellen wirtschaftlichen Klima zweifelhaft.\u201c<\/p>\n<p>Die Deutsch-Britische Kammer bietet deutschen Unternehmen, deren britische Kunden die vereinbarten Zahlungsziele nicht einhalten, Unterst\u00fctzung durch Firmen- sowie Kreditausk\u00fcnfte. Dar\u00fcber hinaus f\u00fchren die deutschsprachigen Mitarbeiter der Rechtsabteilung im Auftrag deutscher Firmen die au\u00dfergerichtliche Einziehung ausstehender Forderungen gegen\u00fcber britischen Firmen durch. Weitere Informationen erhalten Sie bei: Rechtsanw\u00e4ltin Angelika Baumgarte, M.A., Tel: +44 (0)20 7976 4144 oder E-Mail: <a>legal@ahk-london.co.uk<\/a><\/p>\n<div>\n<table class=\"imgtext-table\" border=\"0\" width=\"475\" cellspacing=\"0\" cellpadding=\"0\">\n<tbody>\n<tr>\n<td colspan=\"1\"><\/td>\n<\/tr>\n<tr>\n<td valign=\"top\"><img loading=\"lazy\" decoding=\"async\" title=\"\" src=\"http:\/\/emaa.de\/wp-878ef-content\/uploads\/2015\/02\/Spacer_764b33_22.jpg\" alt=\"\" width=\"475\" height=\"16\" align=\"top\" border=\"0\" \/><\/td>\n<\/tr>\n<\/tbody>\n<\/table>\n<\/div>\n<p>&nbsp;<\/p>\n<h3>STEUERN UND RECHT<\/h3>\n<p><strong>Elektronische Signature (E-Unterschrift) in Polen<\/strong><\/p>\n<p>&nbsp;<\/p>\n<p>Die bisherige, lediglich freiwillige E-Unterschrift wird im polnischen Wirtschaftsverkehr langsam zu einem unerl\u00e4sslichen Element. Es ist hier zu bemerken, dass im Wirtschaftsverkehr einige Arten der E-Unterschriften auftreten, von welchen jedoch lediglich eine sichere E-Unterschrift, die unter der Anwendung des qualifizierten Zertifikats (qualifizierte Unterschrift) gepr\u00fcft wird, von praktischer Bedeutung ist. Dies ist insbesondere damit verbunden, dass nur die qualifizierte Unterschrift dieselben Rechtsfolgen zeitigt wie eine eigenh\u00e4ndig geleistete Unterschrift.<\/p>\n<p>&nbsp;<\/p>\n<p>Anwendungen erfolgen im Bereich Sozialversicherungsanstalt und Finanzamt und dort insbesondere f\u00fcr:<\/p>\n<p>&nbsp;<\/p>\n<p>1.\u00a0\u00a0\u00a0\u00a0\u00a0\u00a0\u00a0\u00a0\u00a0\u00a0\u00a0 Umsatzsteuererkl\u00e4rungen<\/p>\n<p>2.\u00a0\u00a0\u00a0\u00a0\u00a0\u00a0\u00a0\u00a0\u00a0\u00a0\u00a0 K\u00f6rperschaftssteuererkl\u00e4rungen<\/p>\n<p>3.\u00a0\u00a0\u00a0\u00a0\u00a0\u00a0\u00a0\u00a0\u00a0\u00a0\u00a0 Einkommensteuererkl\u00e4rungen<\/p>\n<p>4.\u00a0\u00a0\u00a0\u00a0\u00a0\u00a0\u00a0\u00a0\u00a0\u00a0\u00a0 Sonstige Steuererkl\u00e4rungen<\/p>\n<p>&nbsp;<\/p>\n<p>Die M\u00f6glichkeit, die Steuererkl\u00e4rungen auf diese Weise abzugeben, wird etappenweise eingef\u00fchrt, da die elektronische Kontaktaufnahme mit den Steuerorganen nach und nach \u00fcberall verbreitet werden soll.<\/p>\n<p>&nbsp;<\/p>\n<p>Prozedur zur Erlangung der E-Unterschrift<\/p>\n<p>&nbsp;<\/p>\n<p>F\u00fcr die Erlangung der qualifizierten Unterschrift ist ein Vertrag mit einem sog. Qualifikationszentrum zu schlie\u00dfen. Die Prozedur der Erlangung der E-Unterschrift dauert durchschnittlich bis zu 2 Wochen. In dieser Zeit erfolgen die Geld\u00fcberweisung, die \u00dcbergabe der Dokumente und Ger\u00e4te sowie die Best\u00e4tigung der Identit\u00e4t einer bestimmten Person. Die E-Unterschrift kostet je nach der Dauer des Vertrages zwischen 350 PLN (ein Jahr) bis zu ca. 500 PLN (zwei Jahren). Die angegebenen Preise sind als Preisspanne anzusehen, denn in einzelnen Zentren k\u00f6nnen die Preise niedriger sein.<\/p>\n<p>&nbsp;<\/p>\n<div>\n<table class=\"imgtext-table\" border=\"0\" width=\"475\" cellspacing=\"0\" cellpadding=\"0\">\n<tbody>\n<tr>\n<td colspan=\"1\"><\/td>\n<\/tr>\n<tr>\n<td valign=\"top\"><img loading=\"lazy\" decoding=\"async\" title=\"\" src=\"http:\/\/emaa.de\/wp-878ef-content\/uploads\/2015\/02\/Spacer_fc8554_22.jpg\" alt=\"\" width=\"475\" height=\"16\" align=\"top\" border=\"0\" \/><\/td>\n<\/tr>\n<\/tbody>\n<\/table>\n<\/div>\n<p>&nbsp;<\/p>\n<h3>FACHBEGRIFFE<\/h3>\n<h3><strong>Ertragswertverfahren (EWV)<\/strong><\/h3>\n<p>Das Ertragswertverfahren kommt \u00fcberwiegend im deutschen Mittelstand bei der Unternehmensbewertung zum Einsatz. Die zuk\u00fcnftigen Gewinne und nicht die vorhandene Unternehmenssubstanz spielen hierbei die wichtigste Rolle. Der Durchschnitt der Betriebsergebnisse der letzten drei Jahre, welche zuvor um au\u00dferordentliche Ertr\u00e4ge und Aufwendungen bereinigt wurden, stellt die Basis f\u00fcr die Ertragsprognosen der n\u00e4chsten drei Jahre dar. Dieser Wert wird mit einem Zinssatz, der dem von langfristigen Anleihen wie Bundesobligationen entspricht, und einem weiteren Zinssatz, der das Unternehmerrisiko abgelten soll, abgezinst. Es gibt noch eine weitere Berechnungsm\u00f6glichkeit: Verk\u00e4ufer und K\u00e4ufer eines Unternehmens k\u00f6nnen auch eine Unternehmensplanung f\u00fcr die n\u00e4chsten drei Jahre erarbeiten und die daraus resultierenden Ergebnisse entsprechend abzinsen.<\/p>\n<p>&nbsp;<\/p>\n<div>\n<table class=\"imgtext-table\" border=\"0\" width=\"475\" cellspacing=\"0\" cellpadding=\"0\">\n<tbody>\n<tr>\n<td colspan=\"1\"><\/td>\n<\/tr>\n<tr>\n<td valign=\"top\"><img loading=\"lazy\" decoding=\"async\" title=\"\" src=\"http:\/\/emaa.de\/wp-878ef-content\/uploads\/2015\/02\/Spacer_405408_22.jpg\" alt=\"\" width=\"475\" height=\"16\" align=\"top\" border=\"0\" \/><\/td>\n<\/tr>\n<\/tbody>\n<\/table>\n<\/div>\n<p>&nbsp;<\/p>\n<h3>AKTUELLE NEUIGKEITEN IN DER INTERNATIONALEN RECHNUNGSLEGUNG<\/h3>\n<p><strong>Diskussionsforum zum IASB DP Preliminary Views on Financial Statement<\/strong><\/p>\n<p><a href=\"http:\/\/www.standardsetter.de\/\" target=\"_blank\"><strong>www.standardsetter.de<\/strong><\/a><\/p>\n<p>Gem\u00e4\u00df Protokoll der Diskussion am 02. Dezember 2008 wurde u. a. der Top<\/p>\n<p><strong>IASB ED IFRS 5amend Discontinued Operations<\/strong> behandelt:<\/p>\n<p>Diskutiert wurden die ge\u00e4nderte Definition eines aufgegebenen Gesch\u00e4ftsbereiches, die erweiterten Angabepflichten f\u00fcr Unternehmensbestandteile sowie die \u00dcbergangsvorschriften.<\/p>\n<p>Ein Mitglied des DSR bezweifelt, dass es sinnvoll ist, die vorgeschlagenen \u00c4nderungen aus dem IASB\/FASB Projekt Financial Statement Presentation auszugliedern und separat zu behandeln.<\/p>\n<p><strong>Zur Definition eines aufgegebenen Gesch\u00e4ftsbereiches:<\/strong><\/p>\n<p>Die Diskussionsteilnehmer halten die Abgrenzung eines aufgegebenen Gesch\u00e4ftsbereiches auf Basis des Vorliegens eines Segmentes f\u00fcr ein sehr grobes Kriterium. Des Weiteren besteht bei den Diskussionsteilnehmern Unklarheit dar\u00fcber, ob ein aufgegebener Gesch\u00e4ftsbereich nach der neuen Definition auch dann vorliegt, wenn nicht das gesamte Segment, sondern nur Teile eines Segmentes verkauft werden. Ein DSR-Mitglied bezweifelt zum einen, dass das Vorliegen einer strategischen \u00c4nderung eine sinnvolle Abgrenzung zur Bestimmung eines aufgegebenen Gesch\u00e4ftsbereiches sei und zum anderen, dass strategische \u00c4nderungen nur auf Segmentebene stattf\u00e4nden. Der Verkauf einer gesamten<\/p>\n<p>Region, die sich wiederum \u00fcber mehrere Segmente erstreckt, w\u00e4re z.B. nach der neuen Definition kein aufgegebener Gesch\u00e4ftsbereich. Es wird die Frage in den Raum gestellt, ob die Ebene, auf der der Gesch\u00e4fts- und Firmenwert getestet wird, eine sinnvolle Abgrenzung f\u00fcr das Vorliegen eines aufgegebenen Gesch\u00e4ftsbereiches sein k\u00f6nnte. Hinsichtlich der Anwendung von IFRS 8 zur Bestimmung eines aufgegebenen Gesch\u00e4ftsbereiches durch solche Unternehmen, die ansonsten IFRS 8 nicht anwenden m\u00fcssen, sehen die Diskussionsteilnehmer keine Bedenken.<\/p>\n<p>Zu den erweiterten Angabepflichten Die Diskussionsteilnehmer sehen die Erweiterung der Anhangangaben zu ver\u00e4u\u00dferten oder zu ver\u00e4u\u00dfernden Unternehmensbestandteilen, die nicht die Definition eines aufgegebenen<\/p>\n<p>Gesch\u00e4ftsbereiches erf\u00fcllen, als zu umfangreich an. Dies betrifft insbesondere die Angaben zum Ergebnis bei Minderheitsgesellschaftern sowie die Angaben zu Cashflows. Ein Diskussionsteilnehmer weist darauf hin, dass im Extremfall jede zahlungsmittelgenerierende Einheit ein Unternehmensbestandteil ist, f\u00fcr den diese Angaben zu leisten w\u00e4ren.<\/p>\n<p>Des Weiteren wird von DSR-Mitgliedern hinterfragt, welchen Nutzen die umfangreichen Angaben zu Unternehmensbestandteilen, die keine aufgegebenen Gesch\u00e4ftsbereiche darstellen, haben sollen.<\/p>\n<p>Zu den \u00dcbergangsvorschriften Die Diskussionsteilnehmer haben gro\u00dfe Bedenken hinsichtlich der retrospektiven Anwendung der neuen Definition eines aufgegebenen Gesch\u00e4ftsbereiches. Eine Umklassifizierung von Unternehmensbestandteilen, die in den vergangenen Gesch\u00e4ftsjahren nach derzeitiger Definition aufgegebene Gesch\u00e4ftsbereiche darstellten, nicht aber die neue Definition erf\u00fcllen, w\u00e4re mit einem nicht unerheblichen Aufwand verbunden. Ein DSR Mitglied bezweifelt, ob eine Umklassifizierung \u00fcberhaupt eine sinnvolle Information f\u00fcr die Nutzer ist.<\/p>\n<div>\n<table class=\"imgtext-table\" border=\"0\" width=\"475\" cellspacing=\"0\" cellpadding=\"0\">\n<tbody>\n<tr>\n<td colspan=\"1\"><\/td>\n<\/tr>\n<tr>\n<td valign=\"top\"><img loading=\"lazy\" decoding=\"async\" title=\"\" src=\"http:\/\/emaa.de\/wp-878ef-content\/uploads\/2015\/02\/Spacer_fe62a7_40.jpg\" alt=\"\" width=\"475\" height=\"16\" align=\"top\" border=\"0\" \/><\/td>\n<\/tr>\n<\/tbody>\n<\/table>\n<\/div>\n<p>&nbsp;<\/p>\n<h3>BUCHTIPP<\/h3>\n<p><strong>Kinder im Steuerrecht<\/strong><\/p>\n<p>Steuervorteile und Gestaltungsm\u00f6glichkeiten.<\/p>\n<p>Altersvorsorge mit und f\u00fcr Kinder\/-n. Kinderfreibetrag\/Kindergeld.<\/p>\n<p>Kinderbetreuungskosten. Elterngeld.<\/p>\n<p>Von Diplom-Finanzwirt Bernhard Hillmoth.<\/p>\n<p>2., v\u00f6llig \u00fcberarbeitete und aktualisierte Auflage. 2009. 466 Seiten. Broschur.<\/p>\n<p>Inklusive Online-Version<\/p>\n<p>\u20ac 54,00 (D) \/ sFr 85,50<\/p>\n<p>ISBN 978-3-482-47912-0<\/p>\n<p>&nbsp;<\/p>\n<p>Gesamt\u00fcberblick \u00fcber kindbedingte Steuervorteile und Gestaltungsm\u00f6glichkeiten &#8211; von Familienleistungsausgleich \u00fcber Kinderfreibetrag bis zu Kinderbetreuungskosten. Mit direkt umsetzbaren Gestaltungstipps!<br \/>\nDas Thema \u201eKinder im Steuerrecht\u201c nimmt einen immer breiter werdenden Raum ein. Nicht nur der Familienleistungsausgleich mit den beiden Komponenten Kinderfreibetrag und Kindergeld wirft viele Fragen auf. Auch Neuregelungen wie der Abzug von Kinderbetreuungskosten und Ausbildungskosten, die Einf\u00fchrung eines Freibetrags f\u00fcr Alleinerziehende oder die Einf\u00fchrung des Elterngeldes schaffen Beratungsbedarf.<\/p>\n<p>&nbsp;<\/p>\n<p>Dieses Buch informiert umfassend und leicht verst\u00e4ndlich \u00fcber s\u00e4mtliche kind-bedingten Steuervorteile. Neben den Grundlagen stellt es die in der Praxis aufgekommenen Zweifelsfragen dar \u2013 l\u00f6sungsorientiert und durch viele Beispiele und Schaubilder veranschaulicht. Dar\u00fcber hinaus zeigt der Autor auch die steuerlichen Gestaltungsm\u00f6glichkeiten rund um das Thema \u201eKind\u201c auf, zum Beispiel bei der Verlagerung von Eink\u00fcnften und der \u00dcbertragung von Verm\u00f6gen auf Kinder.<\/p>\n<p>&nbsp;<\/p>\n<ul type=\"square\">\n<li>Topaktuelle Auflage mit allen Neuerungen und \u00c4nderungen zum Familienleistungsgesetz 2009<\/li>\n<li>Kindergeld- und Kinderfreibetragsanhebung zum 1.1.2009<\/li>\n<li>JStG 2009<\/li>\n<li>Gesetz zur steuerlichen F\u00f6rderung der Mitarbeiterkapitalbeteiligung Einkommensteuer\u00e4nderungsrichtlinien 2008<\/li>\n<li>Eigenheimrentengesetz<\/li>\n<\/ul>\n<p>&nbsp;<\/p>\n<p>Dieser Titel hilft, alle Verg\u00fcnstigungen zum Thema \u201eKind\u201c bei den Veranlagungsarbeiten bzw. der Steuererkl\u00e4rung zu ber\u00fccksichtigen.<\/p>\n<p>F\u00fcr Steuerberater und Bilanzbuchhalter ist dieses Buch eine praktische Arbeitshilfe. Auch steuerliche Laien finden hier viele wertvolle Hinweise f\u00fcr die Erstellung der Steuererkl\u00e4rung.<\/p>\n<p>&nbsp;<\/p>\n<div>\n<table class=\"imgtext-table\" border=\"0\" width=\"475\" cellspacing=\"0\" cellpadding=\"0\">\n<tbody>\n<tr>\n<td colspan=\"1\"><\/td>\n<\/tr>\n<tr>\n<td valign=\"top\"><img loading=\"lazy\" decoding=\"async\" title=\"\" src=\"http:\/\/emaa.de\/wp-878ef-content\/uploads\/2015\/02\/Spacer_fe62a7_39.jpg\" alt=\"\" width=\"475\" height=\"16\" align=\"top\" border=\"0\" \/><\/td>\n<\/tr>\n<\/tbody>\n<\/table>\n<\/div>\n<p>&nbsp;<\/p>\n<p>M\u00f6chten Sie k\u00fcnftig die EMAA-EUROPA-INFOs nicht mehr beziehen, k\u00f6nnen Sie den Service jederzeit mit einer Mitteilung an die EMAA (<a>kontakt@emaa.de<\/a>) stornieren.<\/p>\n<p>European Management Accountants Association e.V<br \/>\nEMAA e.V.<br \/>\nAm Propsthof 15 &#8211; 17<br \/>\n53121 Bonn<br \/>\nTelefon: +49 (0)228 &#8211; 9 63 93 18, Telefax: +49 (0)228 &#8211; 9 63 93 14<br \/>\nE-Mail: <a>kontakt@emaa.de<\/a>\u00a0 Internet: <a href=\"http:\/\/www.emaa.de\/\" target=\"_blank\">http:\/\/www.emaa.de<\/a><\/p>\n","protected":false},"excerpt":{"rendered":"<p>EMAA-EUROPA-INFOs Februar 2009 Sehr geehrte Kolleginnen und Kollegen, in dieser Ausgabe finden Sie folgende Themen: Termine EMAA-Lobbyarbeit EUROPA von A \u2013 Z Steuern und Recht Fachbegriffe Aktuelle Neuigkeiten in der internationalen Rechnungslegung Buchtipp Wir hoffen, Ihnen interessante Informationen und Beitr\u00e4ge liefern zu k\u00f6nnen! Ihr EMAA-Team &nbsp; EMAA AKTUELL TERMINE:\u00a0\u00a0\u00a0\u00a0 Der Termin f\u00fcr die n\u00e4chste Arbeitssitzung [&hellip;]<\/p>\n","protected":false},"author":1,"featured_media":0,"comment_status":"closed","ping_status":"closed","sticky":false,"template":"","format":"standard","meta":{"footnotes":""},"categories":[29,273,280],"tags":[],"class_list":["post-438","post","type-post","status-publish","format-standard","hentry","category-europa-info","category-polen","category-tschechien"],"_links":{"self":[{"href":"http:\/\/emaa.de\/index.php?rest_route=\/wp\/v2\/posts\/438","targetHints":{"allow":["GET"]}}],"collection":[{"href":"http:\/\/emaa.de\/index.php?rest_route=\/wp\/v2\/posts"}],"about":[{"href":"http:\/\/emaa.de\/index.php?rest_route=\/wp\/v2\/types\/post"}],"author":[{"embeddable":true,"href":"http:\/\/emaa.de\/index.php?rest_route=\/wp\/v2\/users\/1"}],"replies":[{"embeddable":true,"href":"http:\/\/emaa.de\/index.php?rest_route=%2Fwp%2Fv2%2Fcomments&post=438"}],"version-history":[{"count":2,"href":"http:\/\/emaa.de\/index.php?rest_route=\/wp\/v2\/posts\/438\/revisions"}],"predecessor-version":[{"id":443,"href":"http:\/\/emaa.de\/index.php?rest_route=\/wp\/v2\/posts\/438\/revisions\/443"}],"wp:attachment":[{"href":"http:\/\/emaa.de\/index.php?rest_route=%2Fwp%2Fv2%2Fmedia&parent=438"}],"wp:term":[{"taxonomy":"category","embeddable":true,"href":"http:\/\/emaa.de\/index.php?rest_route=%2Fwp%2Fv2%2Fcategories&post=438"},{"taxonomy":"post_tag","embeddable":true,"href":"http:\/\/emaa.de\/index.php?rest_route=%2Fwp%2Fv2%2Ftags&post=438"}],"curies":[{"name":"wp","href":"https:\/\/api.w.org\/{rel}","templated":true}]}}