{"id":440,"date":"2015-01-14T14:13:45","date_gmt":"2015-01-14T13:13:45","guid":{"rendered":"http:\/\/www.emaa.de\/?p=440"},"modified":"2016-03-06T11:46:20","modified_gmt":"2016-03-06T10:46:20","slug":"europa-info-maerz-2009","status":"publish","type":"post","link":"http:\/\/emaa.de\/?p=440","title":{"rendered":"Europa Info M\u00e4rz 2009"},"content":{"rendered":"<p><a href=\"http:\/\/www.emaa.de\/wp-878ef-content\/uploads\/2015\/01\/emaa_logo_01.jpg\"><img loading=\"lazy\" decoding=\"async\" class=\"alignnone size-full wp-image-267\" src=\"http:\/\/www.emaa.de\/wp-878ef-content\/uploads\/2015\/01\/emaa_logo_01.jpg\" alt=\"emaa_logo_01\" width=\"92\" height=\"92\" srcset=\"http:\/\/emaa.de\/wp-878ef-content\/uploads\/2015\/01\/emaa_logo_01.jpg 92w, http:\/\/emaa.de\/wp-878ef-content\/uploads\/2015\/01\/emaa_logo_01-48x48.jpg 48w\" sizes=\"auto, (max-width: 92px) 100vw, 92px\" \/><\/a><\/p>\n<h1>EMAA-EUROPA-INFOs M\u00e4rz 2009<\/h1>\n<p>Sehr geehrte Kolleginnen und Kollegen,<\/p>\n<p>in dieser Ausgabe finden Sie Beitr\u00e4ge zu folgenden Themen:<\/p>\n<p>&#8211; <a class=\"internal-link\" title=\"\u00d6ffnet einen internen Link im aktuellen Fenster\" href=\"http:\/\/www.emaa.de\/?p=440#c911\" target=\"page\">Termine\/Seminare<\/a><br \/>\n&#8211; <a class=\"internal-link\" title=\"\u00d6ffnet einen internen Link im aktuellen Fenster\" href=\"http:\/\/www.emaa.de\/?p=440#c909\" target=\"page\">EMAA-Lobbyarbeit<br \/>\n<\/a>\u00a0\u00a0\u00a0\u00a0\u00a0\u00a0\u00a0\u00a0\u00a0\u00a0\u00a0 &#8211; <a class=\"internal-link\" title=\"\u00d6ffnet einen internen Link im aktuellen Fenster\" href=\"http:\/\/www.emaa.de\/?p=440#c907\" target=\"page\">EUROPA\u00a0 VON\u00a0 A \u2013 Z<br \/>\n<\/a>\u00a0\u00a0\u00a0\u00a0\u00a0\u00a0\u00a0\u00a0\u00a0\u00a0\u00a0 &#8211; <a class=\"internal-link\" title=\"\u00d6ffnet einen internen Link im aktuellen Fenster\" href=\"http:\/\/www.emaa.de\/?p=440#c905\" target=\"page\">Steuern und Finanzen<br \/>\n<\/a>\u00a0\u00a0\u00a0\u00a0\u00a0\u00a0\u00a0\u00a0\u00a0\u00a0\u00a0 &#8211; <a class=\"internal-link\" title=\"\u00d6ffnet einen internen Link im aktuellen Fenster\" href=\"http:\/\/www.emaa.de\/?p=440#c903\" target=\"page\">Fachbegriff<\/a><br \/>\n&#8211; <a class=\"internal-link\" title=\"\u00d6ffnet einen internen Link im aktuellen Fenster\" href=\"http:\/\/www.emaa.de\/?p=440#c900\" target=\"page\">Aktuelle Neuigkeiten in der internationalen Rechnungslegung<\/a><br \/>\n&#8211; <a class=\"internal-link\" title=\"\u00d6ffnet einen internen Link im aktuellen Fenster\" href=\"http:\/\/www.emaa.de\/?p=440#c898\" target=\"page\">Buchtipp<\/a><\/p>\n<p>Wir hoffen, Ihnen interessante Informationen und Beitr\u00e4ge liefern zu k\u00f6nnen!<\/p>\n<p>Ihr EMAA-Team<\/p>\n<div>\n<table class=\"imgtext-table\" border=\"0\" width=\"475\" cellspacing=\"0\" cellpadding=\"0\">\n<tbody>\n<tr>\n<td colspan=\"1\"><\/td>\n<\/tr>\n<tr>\n<td valign=\"top\"><img loading=\"lazy\" decoding=\"async\" title=\"\" src=\"http:\/\/emaa.de\/wp-878ef-content\/uploads\/2015\/02\/Spacer_d987b2_23.jpg\" alt=\"\" width=\"475\" height=\"16\" align=\"top\" border=\"0\" \/><\/td>\n<\/tr>\n<\/tbody>\n<\/table>\n<\/div>\n<p><a id=\"c911\"><\/a><\/p>\n<h3>EMAA AKTUELL<\/h3>\n<p><b>TERMINE:\u00a0\u00a0\u00a0\u00a0<\/b><\/p>\n<p>Der Termin f\u00fcr die n\u00e4chste Arbeitssitzung ist der 18.04.2009 in Bonn.<\/p>\n<p>Weitere Infos zu den Terminen: <a href=\"http:\/\/www.emaa.de\/?cat=4\" target=\"page\">www.emaa.de\/58.0.html<\/a><\/p>\n<p><b>Seminarangebote unserer Mitgliedsverb\u00e4nde<\/b><\/p>\n<p><b>BVBC; Deutschland<\/b><\/p>\n<p><b>28.-30.05.2009<\/b> BVBC Kongress und kongressbegleitende Ausstellung<b><br \/>\nReWeCo\u00d2 <\/b>in Celle; Niedersachsen<\/p>\n<p>Information unter <a href=\"http:\/\/www.bvbc.de\/karriere-portal\/weiterbildung\/fachbereiche.html\" target=\"_blank\">http:\/\/www.bvbc.de\/karriere-portal\/weiterbildung\/fachbereiche.html<\/a><\/p>\n<p>&nbsp;<\/p>\n<p><b>B\u00d6B, \u00d6sterreich<\/b><\/p>\n<p><b>Klubseminare im \u00dcberblick \u00f6sterreichweit\u00a0<\/b><\/p>\n<p>Information unter <a href=\"http:\/\/www.boeb.at\/Seminare\/seminar_inhalt.html\" target=\"_blank\">www.boeb.at\/Seminare\/seminar_inhalt.html<\/a><\/p>\n<p>&nbsp;<\/p>\n<p><b>VEB, Schweiz<\/b><\/p>\n<p>Information unter <a href=\"http:\/\/www.veb.ch\/html\/veranstaltungen.html\" target=\"_blank\">www.veb.ch\/html\/veranstaltungen.html<\/a><\/p>\n<p>&nbsp;<\/p>\n<p><b>SU, Tschechische Republik:<\/b><\/p>\n<p>Information unter <a href=\"http:\/\/www.svaz-ucetnich.cz\/\" target=\"_blank\">http:\/\/www.svaz-ucetnich.cz<\/a><\/p>\n<div>\n<table class=\"imgtext-table\" border=\"0\" width=\"475\" cellspacing=\"0\" cellpadding=\"0\">\n<tbody>\n<tr>\n<td colspan=\"1\"><\/td>\n<\/tr>\n<tr>\n<td valign=\"top\"><img loading=\"lazy\" decoding=\"async\" title=\"\" src=\"http:\/\/emaa.de\/wp-878ef-content\/uploads\/2015\/02\/Spacer_860836_23.jpg\" alt=\"\" width=\"475\" height=\"16\" align=\"top\" border=\"0\" \/><\/td>\n<\/tr>\n<\/tbody>\n<\/table>\n<\/div>\n<p><a id=\"c909\"><\/a><\/p>\n<h3>EMAA LOBBYARBEIT<\/h3>\n<p><b>Mitgliederversammlung 2009<\/b><\/p>\n<p>Derzeit wird die Mitgliederversammlung im Pr\u00e4sidium vorbereitet. Diese wird voraussichtlich im Juni 2009 in Bonn stattfinden. Einladungen erfolgen noch.<\/p>\n<p>Auf die obligatorische Fachtagung wird in diesem Jahr aus Kostengr\u00fcnden verzichtet, da unser tschechischer Partner, die Union of Accountants, sich in einer Konsolidierungsphase befindet und dadurch keine Kapazit\u00e4ten zur Verf\u00fcgung hat.<br \/>\nWeitere Infos folgen.<\/p>\n<p>&nbsp;<\/p>\n<div>\n<table class=\"imgtext-table\" border=\"0\" width=\"475\" cellspacing=\"0\" cellpadding=\"0\">\n<tbody>\n<tr>\n<td colspan=\"1\"><\/td>\n<\/tr>\n<tr>\n<td valign=\"top\"><img loading=\"lazy\" decoding=\"async\" title=\"\" src=\"http:\/\/emaa.de\/wp-878ef-content\/uploads\/2015\/02\/Spacer_8e9001_23.jpg\" alt=\"\" width=\"475\" height=\"16\" align=\"top\" border=\"0\" \/><\/td>\n<\/tr>\n<\/tbody>\n<\/table>\n<\/div>\n<p><a id=\"c907\"><\/a><\/p>\n<h3>EUROPA VON A &#8211; Z<\/h3>\n<p><b>Deutsch-Britische Kammer informiert: <\/b>\u00a0<b>Fordern Sie bis 30. Juni 2009 britische Umsatzsteuer zur\u00fcck!<\/b><\/p>\n<p>Die Deutsch-Britische Industrie- und Handelskammer weist darauf hin, dass deutsche Unternehmer, die im Jahr 2008 im Vereinigten K\u00f6nigreich gesch\u00e4ftlich t\u00e4tig waren, bis zum 30. Juni 2009 einen Antrag auf Erstattung der gezahlten britischen Umsatzsteuer (VAT) stellen k\u00f6nnen.<\/p>\n<p>Unternehmer sollten bei Antragstellung insbesondere auf die Vollst\u00e4ndigkeit aller Belege achten: Seit Beginn des Jahres gelten in Gro\u00dfbritannien neue Strafs\u00e4tze f\u00fcr Unstimmigkeiten in Dokumenten, die im Zuge der Antragstellung bei der Steuerbeh\u00f6rde eingereicht werden. Ebenso sollte vor Antragstellung genau gepr\u00fcft werden, f\u00fcr welche Leistungen die Umsatzsteuer zur\u00fcck gefordert werden kann. Zu diesen z\u00e4hlen beispielsweise Unterbringung, Messen und Konferenzen, Seminare, Mitarbeiterverpflegung, Mietwagen, Benzin und Diesel. Voraussetzung ist unter anderem, dass der Unternehmer keinen Wohnsitz, Firmensitz, Zweigniederlassung o.\u00e4. im Vereinigten K\u00f6nigreich hat.<\/p>\n<p>Angelika Baumgarte, stellvertretende Hauptgesch\u00e4ftsf\u00fchrerin der Deutsch-Britischen Kammer, erg\u00e4nzt: \u201eDie R\u00fcckerstattung der VAT bedeutet eine direkte Kostenersparnis. Viele Firmen vers\u00e4umen, die R\u00fcckerstattung der VAT zu beantragen \u2013 entweder, weil sie nichts vom britischen Vorsteuer-Verg\u00fctungsverfahren wissen oder weil ihnen der Prozess der Antragstellung zu aufw\u00e4ndig ist.\u201c<\/p>\n<p>Die Erstattung f\u00fcr das Jahr 2008 ist bis zum 30. Juni 2009 formgebunden und in englischer Sprache bei der britischen Steuerbeh\u00f6rde HMRC zu beantragen. N\u00e4here Informationen sowie Unterst\u00fctzung bei der Antragstellung erhalten Sie von der Steuerabteilung der Deutsch-Britischen Industrie- und Handelskammer, Tel: 0044 (0)20 7976 4160, E-Mail: <a>vat.refund<span class=\"protectAt\"><img loading=\"lazy\" decoding=\"async\" src=\"http:\/\/www.emaa.de\/wp-878ef-content\/uploads\/2015\/02\/clear.gif\" alt=\"\" width=\"8\" height=\"9\" border=\"0\" \/><\/span>ahk-london.co.uk<\/a>.<\/p>\n<p>CEN, the European Committee for Standardization, is continuing its efforts to provide people with the information they need in order to understand European standardization, and be able to use it to their advantage. CEN is organizing its sixth StandarDays on 19 and 20 May 2009 at their new premises (CEN-CENELEC Meeting Centre, Avenue Marnix 17, 1000 Brussels).<\/p>\n<p><b>Objectives<\/b><\/p>\n<p>CEN StandarDays give a clear and structured overview of the European Standardization System, of the CEN products and processes, as well as the benefits of involvement to potential stakeholders.<\/p>\n<p><b>Format<\/b><\/p>\n<p>CEN StandarDays is a two day information session consisting of an introductory plenary meeting, which explains the different aspects and tasks of CEN (day 1) and interactive, in-depth workshops (day 2). This structure gives participants the opportunity to familiarize themselves with the overall European Standardization System (day 1) and then take advantage of the CEN expertise to obtain further clarification and explanations (day 2).<\/p>\n<p><b>For whom?<\/b><\/p>\n<p>CEN StandarDays are aimed at all actors interested in the European standardization system: industry, consumers, administrations and government, European institutions, research centres, national standards institutes, etc.<\/p>\n<p><b>Participation<\/b><\/p>\n<p>Participation is<b> free. <\/b>Since there is a limited number of places, registrations will be accepted on a first come, first served basis and will close when the maximum number is reached.<\/p>\n<p>To participate in the next CEN StandarDays please complete and return the registration form in attachment. You can either attend both days or only Day 1 or Day 2. People who have already attended CEN StandarDays and are interested in participating in more break-out sessions, can do so without any problem.<\/p>\n<p>&nbsp;<\/p>\n<div>\n<table class=\"imgtext-table\" border=\"0\" width=\"475\" cellspacing=\"0\" cellpadding=\"0\">\n<tbody>\n<tr>\n<td colspan=\"1\"><\/td>\n<\/tr>\n<tr>\n<td valign=\"top\"><img loading=\"lazy\" decoding=\"async\" title=\"\" src=\"http:\/\/emaa.de\/wp-878ef-content\/uploads\/2015\/02\/Spacer_764b33_23.jpg\" alt=\"\" width=\"475\" height=\"16\" align=\"top\" border=\"0\" \/><\/td>\n<\/tr>\n<\/tbody>\n<\/table>\n<\/div>\n<p><a id=\"c905\"><\/a><\/p>\n<h3>STEUERN UND RECHT<\/h3>\n<p><b>Gr\u00fcndungsfinanzierung durch die NRW.BANK<\/b><\/p>\n<p>Die NRW.BANK ist die F\u00f6rderbank des Landes Nordrhein-Westfalen. Sie ist die erste Adresse f\u00fcr Gr\u00fcnderinnen und Gr\u00fcnder sowie f\u00fcr bestehende kleine und mittlere Unternehmen, wenn es um \u00f6ffentliche F\u00f6rderprogramme geht.<\/p>\n<p>Die NRW.BANK bietet vielf\u00e4ltige Finanzierungshilfen f\u00fcr Existenzgr\u00fcndungen und Unternehmenssicherungen \u2013 zum Beispiel durch Investitionszusch\u00fcsse, Nachrangdarlehen, Beteiligungskapital und Haftungsfreistellungen. \u00dcber die NRW.BANK erhalten Gr\u00fcnderinnen und Gr\u00fcnder auch Zugang zum Darlehensprogramm Gr\u00fcndungs- und Wachstumsfinanzierung (GuW) NRW. Davon profitieren vor allem junge Unternehmen in der Wachstums- und Festigungsphase sowie diejenigen, die einen gewerblichen Betrieb \u00fcbernehmen wollen.<\/p>\n<p><b>Weitere Informationen<br \/>\n<\/b>\u00dcber F\u00f6rderprogramme informiert die <a title=\"www.nrwbank.de\" href=\"http:\/\/www.nrwbank.de\/\" target=\"_blank\">NRW.BANK<\/a>. Dort k\u00f6nnen Sie auch den virtuellen F\u00f6rderberater nutzen, um nach geeigneten F\u00f6rderprogrammen des Landes und des Bundes zu suchen.<\/p>\n<p>\u00dcber F\u00f6rderprogramme des Bundes f\u00fcr Gr\u00fcnder und junge Unternehmen informiert auch die KfW Mittelstandsbank: im Internet auf der Seite <a title=\"www.kfw-mittelstandsbank.de\" href=\"http:\/\/www.kfw-mittelstandsbank.de\/\" target=\"_blank\">www.kfw-mittelstandsbank.de<\/a><\/p>\n<div>\n<table class=\"imgtext-table\" border=\"0\" width=\"475\" cellspacing=\"0\" cellpadding=\"0\">\n<tbody>\n<tr>\n<td colspan=\"1\"><\/td>\n<\/tr>\n<tr>\n<td valign=\"top\"><img loading=\"lazy\" decoding=\"async\" title=\"\" src=\"http:\/\/emaa.de\/wp-878ef-content\/uploads\/2015\/02\/Spacer_fc8554_23.jpg\" alt=\"\" width=\"475\" height=\"16\" align=\"top\" border=\"0\" \/><\/td>\n<\/tr>\n<\/tbody>\n<\/table>\n<\/div>\n<p><a id=\"c903\"><\/a><\/p>\n<h3>FACHBEGRIFFE<\/h3>\n<h3>Welcher Chef macht was?<\/h3>\n<h3>Bedeutung englischer Manager-Titel<\/h3>\n<p>CEO\u00a0\u00a0\u00a0\u00a0\u00a0\u00a0\u00a0\u00a0\u00a0\u00a0\u00a0\u00a0\u00a0\u00a0 Chief Executive Officer\u00a0\u00a0\u00a0\u00a0\u00a0\u00a0\u00a0\u00a0\u00a0Vorstandsvorsitzender<\/p>\n<p>COO\u00a0\u00a0\u00a0\u00a0\u00a0\u00a0\u00a0\u00a0\u00a0\u00a0\u00a0\u00a0\u00a0\u00a0 Chief Operation Officer\u00a0\u00a0\u00a0\u00a0\u00a0\u00a0\u00a0\u00a0Vorstand operatives Gesch\u00e4ft<\/p>\n<p>CFO\u00a0\u00a0\u00a0\u00a0\u00a0\u00a0\u00a0\u00a0\u00a0\u00a0\u00a0\u00a0\u00a0\u00a0\u00a0 Chief Financial Officer\u00a0\u00a0\u00a0\u00a0\u00a0\u00a0\u00a0\u00a0\u00a0\u00a0Finanzvorstand<\/p>\n<p>CHRO\u00a0\u00a0\u00a0\u00a0\u00a0\u00a0\u00a0\u00a0\u00a0\u00a0\u00a0\u00a0 Chief Human Resource Officer\u00a0\u00a0\u00a0\u00a0\u00a0\u00a0\u00a0\u00a0 Personalvorstand<\/p>\n<p>CMO\u00a0\u00a0\u00a0\u00a0\u00a0\u00a0\u00a0\u00a0\u00a0\u00a0\u00a0\u00a0\u00a0\u00a0 Chief Marketing Officer\u00a0\u00a0\u00a0\u00a0\u00a0\u00a0\u00a0\u00a0Vertriebsleiter<\/p>\n<p>CCO\u00a0\u00a0\u00a0\u00a0\u00a0\u00a0\u00a0\u00a0\u00a0\u00a0\u00a0\u00a0\u00a0\u00a0 Chief Compliance Officer\u00a0\u00a0\u00a0\u00a0\u00a0 Einhaltung der\u00a0Unternehmensrichtlinien<\/p>\n<p>CAO\u00a0\u00a0\u00a0\u00a0\u00a0\u00a0\u00a0\u00a0\u00a0\u00a0\u00a0\u00a0\u00a0\u00a0\u00a0 Chief Apology Officer\u00a0\u00a0\u00a0\u00a0\u00a0\u00a0\u00a0\u00a0\u00a0\u00a0\u00a0Leiter Kundenreklamation<\/p>\n<p>CBO\u00a0\u00a0\u00a0\u00a0\u00a0\u00a0\u00a0\u00a0\u00a0\u00a0\u00a0\u00a0\u00a0\u00a0 Chief Branding Officer \u00a0\u00a0\u00a0\u00a0\u00a0\u00a0\u00a0\u00a0\u00a0 betreut die Unternehmensmarken<\/p>\n<p>CCO\u00a0\u00a0\u00a0\u00a0\u00a0\u00a0\u00a0\u00a0\u00a0\u00a0\u00a0\u00a0\u00a0\u00a0 Chief Content Officer\u00a0\u00a0\u00a0\u00a0\u00a0\u00a0\u00a0\u00a0\u00a0\u00a0\u00a0 betreut Inhalte der Firmenwebseite<\/p>\n<p>CIO\u00a0\u00a0\u00a0\u00a0\u00a0\u00a0\u00a0\u00a0\u00a0\u00a0\u00a0\u00a0\u00a0\u00a0\u00a0\u00a0 Chief Innovation Officer\u00a0\u00a0\u00a0\u00a0\u00a0\u00a0 verantwortet strategische\u00a0Kernausrichtung<\/p>\n<p>CKO\u00a0\u00a0\u00a0\u00a0\u00a0\u00a0\u00a0\u00a0\u00a0\u00a0\u00a0\u00a0\u00a0\u00a0 Chief Knowledge Officer\u00a0\u00a0\u00a0\u00a0\u00a0\u00a0\u00a0 verantwortet das\u00a0Wissensmanagement<\/p>\n<p>CLO\u00a0\u00a0\u00a0\u00a0\u00a0\u00a0\u00a0\u00a0\u00a0\u00a0\u00a0\u00a0\u00a0\u00a0\u00a0 Chief Learning Officer\u00a0\u00a0\u00a0\u00a0\u00a0\u00a0\u00a0\u00a0\u00a0\u00a0\u00a0 leitet firmeneigene Bildungsst\u00e4tten<\/p>\n<p>CNO\u00a0\u00a0\u00a0\u00a0\u00a0\u00a0\u00a0\u00a0\u00a0\u00a0\u00a0\u00a0\u00a0\u00a0 Chief Networking Officer\u00a0\u00a0\u00a0\u00a0\u00a0\u00a0\u00a0 Informations- und\u00a0das Kommunikationstechnologien<\/p>\n<p>CPO\u00a0\u00a0\u00a0\u00a0\u00a0\u00a0\u00a0\u00a0\u00a0\u00a0\u00a0\u00a0\u00a0\u00a0 Chief Privacy Officer\u00a0 \u00a0\u00a0\u00a0\u00a0\u00a0\u00a0\u00a0\u00a0\u00a0\u00a0\u00a0 oberster Datensch\u00fctzer<\/p>\n<p>CPO\u00a0\u00a0\u00a0\u00a0\u00a0\u00a0\u00a0\u00a0\u00a0\u00a0\u00a0\u00a0\u00a0\u00a0 Chief Procurement Officer\u00a0\u00a0\u00a0\u00a0\u00a0Einkaufsleiter<\/p>\n<p>CRO \u00a0\u00a0\u00a0\u00a0\u00a0\u00a0\u00a0\u00a0\u00a0\u00a0\u00a0\u00a0\u00a0 Chief Risk Officer\u00a0\u00a0\u00a0\u00a0\u00a0\u00a0\u00a0\u00a0\u00a0\u00a0\u00a0\u00a0\u00a0\u00a0\u00a0\u00a0\u00a0 oberster pr\u00e4ventiver Risikomanager<\/p>\n<p>CTO\u00a0\u00a0\u00a0\u00a0\u00a0\u00a0\u00a0\u00a0\u00a0\u00a0\u00a0\u00a0\u00a0\u00a0\u00a0 Chief Talent Officer\u00a0\u00a0\u00a0\u00a0\u00a0\u00a0\u00a0\u00a0\u00a0\u00a0\u00a0\u00a0\u00a0\u00a0\u00a0oberster Personalentwickler<\/p>\n<div>\n<table class=\"imgtext-table\" border=\"0\" width=\"475\" cellspacing=\"0\" cellpadding=\"0\">\n<tbody>\n<tr>\n<td colspan=\"1\"><\/td>\n<\/tr>\n<tr>\n<td valign=\"top\"><img loading=\"lazy\" decoding=\"async\" title=\"\" src=\"http:\/\/emaa.de\/wp-878ef-content\/uploads\/2015\/02\/Spacer_405408_23.jpg\" alt=\"\" width=\"475\" height=\"16\" align=\"top\" border=\"0\" \/><\/td>\n<\/tr>\n<\/tbody>\n<\/table>\n<\/div>\n<p><a id=\"c900\"><\/a><\/p>\n<h3>AKTUELLE NEUIGKEITEN IN DER INTERNATIONALEN RECHNUNGSLEGUNG<\/h3>\n<p><b>Ab 2010 soll das BilMoG gelten<br \/>\n<\/b>Nachdem sich die Reform mehrfach verz\u00f6gerte, soll der 235-seitige Gesetzesentwurf nun im M\u00e4rz 2009 vom Bundestag verabschiedet werden. Urspr\u00fcnglich war geplant, dass die neuen Bilanzierungsregeln bereits ab 1. Januar 2009 gelten sollten.<\/p>\n<p>Den Gesetzentwurf finden Sie unter:<\/p>\n<p><a href=\"http:\/\/www.audit-committee-institute.de\/pdf\/071108-RefEBilMoG.pdf\" target=\"_blank\">http:\/\/www.audit-committee-institute.de\/pdf\/071108-RefEBilMoG.pdf<\/a><\/p>\n<p>&nbsp;<\/p>\n<div>\n<table class=\"imgtext-table\" border=\"0\" width=\"475\" cellspacing=\"0\" cellpadding=\"0\">\n<tbody>\n<tr>\n<td colspan=\"1\"><\/td>\n<\/tr>\n<tr>\n<td valign=\"top\"><img loading=\"lazy\" decoding=\"async\" title=\"\" src=\"http:\/\/emaa.de\/wp-878ef-content\/uploads\/2015\/02\/Spacer_fe62a7_42.jpg\" alt=\"\" width=\"475\" height=\"16\" align=\"top\" border=\"0\" \/><\/td>\n<\/tr>\n<\/tbody>\n<\/table>\n<\/div>\n<p><a id=\"c898\"><\/a><\/p>\n<h3>BUCHTIPP<\/h3>\n<p><b>Rudern Sie noch oder steuern Sie schon?<\/b><\/p>\n<p>Kanzleimanagement auf den Punkt gebracht.<\/p>\n<p>Von Steuerberater Wirtschaftspr\u00fcfer Gunther H\u00fcbner.<\/p>\n<p>In Kooperation mit dem Linde Verlag, Wien.<\/p>\n<p>2008. 206 Seiten. Broschur.<\/p>\n<p>\u20ac 69,00 (D) \/ sFr 109,00<\/p>\n<p>ISBN 978-3-482-<b>59301<\/b>-7<\/p>\n<p>&nbsp;<\/p>\n<p><b>Erfolgreiche Kanzleif\u00fchrung sofort im Griff!<\/b><\/p>\n<p>100 praxiserprobte L\u00f6sungen \u2013 f\u00fcr jede Steuerkanzlei, gleich welcher Gr\u00f6\u00dfe. Das<\/p>\n<p>Buch beschreibt den Einsatz von konsequentem, zielorientiertem Management.<\/p>\n<p>Wertvolle Experten-Tipps und praxiserprobte L\u00f6sungsvorschl\u00e4ge zeigen auf, wie<\/p>\n<p>man F\u00fchrungsqualit\u00e4ten Schritt f\u00fcr Schritt verbessert und eine Kanzlei auf den<\/p>\n<p>richtigen Kurs bringt: Kanzleimanagement, Strategie, Mitarbeiterf\u00fchrung und<\/p>\n<p>Marketing \u2013 praxiserprobt und direkt umsetzbar.<\/p>\n<p>Der NWB Ratgeber \u201eRudern Sie noch oder steuern Sie schon?\u201c liefert geb\u00fcndeltes<\/p>\n<p>Management-Know-how und hilft dabei, eine Kanzlei durch effizientes Kanzleimanagement auf Kurs zu bringen bzw. zu halten.<\/p>\n<p>Praxis-Ratgeber mit direkt umsetzbaren Expertentipps<\/p>\n<p>&nbsp;<\/p>\n<div>\n<table class=\"imgtext-table\" border=\"0\" width=\"475\" cellspacing=\"0\" cellpadding=\"0\">\n<tbody>\n<tr>\n<td colspan=\"1\"><\/td>\n<\/tr>\n<tr>\n<td valign=\"top\"><img loading=\"lazy\" decoding=\"async\" title=\"\" src=\"http:\/\/emaa.de\/wp-878ef-content\/uploads\/2015\/02\/Spacer_fe62a7_41.jpg\" alt=\"\" width=\"475\" height=\"16\" align=\"top\" border=\"0\" \/><\/td>\n<\/tr>\n<\/tbody>\n<\/table>\n<\/div>\n<p><a id=\"c896\"><\/a><\/p>\n<p>M\u00f6chten Sie k\u00fcnftig die EMAA-EUROPA-INFOs nicht mehr beziehen, k\u00f6nnen Sie den Service jederzeit mit einer Mitteilung an die EMAA (<a>kontakt@emaa.de<\/a>) stornieren.<\/p>\n<p>European Management Accountants Association e.V<br \/>\nEMAA e.V.<br \/>\nAm Propsthof 15 &#8211; 17<br \/>\n53121 Bonn<br \/>\nTelefon: +49 (0)228 &#8211; 9 63 93 18, Telefax: +49 (0)228 &#8211; 9 63 93 14<br \/>\nE-Mail: <a>kontakt@emaa.de<\/a>\u00a0 Internet: <a href=\"http:\/\/www.emaa.de\/\" target=\"_blank\">http:\/\/www.emaa.de<\/a><\/p>\n<p>&nbsp;<\/p>\n","protected":false},"excerpt":{"rendered":"<p>EMAA-EUROPA-INFOs M\u00e4rz 2009 Sehr geehrte Kolleginnen und Kollegen, in dieser Ausgabe finden Sie Beitr\u00e4ge zu folgenden Themen: &#8211; Termine\/Seminare &#8211; EMAA-Lobbyarbeit \u00a0\u00a0\u00a0\u00a0\u00a0\u00a0\u00a0\u00a0\u00a0\u00a0\u00a0 &#8211; EUROPA\u00a0 VON\u00a0 A \u2013 Z \u00a0\u00a0\u00a0\u00a0\u00a0\u00a0\u00a0\u00a0\u00a0\u00a0\u00a0 &#8211; Steuern und Finanzen \u00a0\u00a0\u00a0\u00a0\u00a0\u00a0\u00a0\u00a0\u00a0\u00a0\u00a0 &#8211; Fachbegriff &#8211; Aktuelle Neuigkeiten in der internationalen Rechnungslegung &#8211; Buchtipp Wir hoffen, Ihnen interessante Informationen und Beitr\u00e4ge liefern zu k\u00f6nnen! [&hellip;]<\/p>\n","protected":false},"author":1,"featured_media":0,"comment_status":"closed","ping_status":"closed","sticky":false,"template":"","format":"standard","meta":{"footnotes":""},"categories":[29,280,282],"tags":[],"class_list":["post-440","post","type-post","status-publish","format-standard","hentry","category-europa-info","category-tschechien","category-vereinigtes-koenigreich"],"_links":{"self":[{"href":"http:\/\/emaa.de\/index.php?rest_route=\/wp\/v2\/posts\/440","targetHints":{"allow":["GET"]}}],"collection":[{"href":"http:\/\/emaa.de\/index.php?rest_route=\/wp\/v2\/posts"}],"about":[{"href":"http:\/\/emaa.de\/index.php?rest_route=\/wp\/v2\/types\/post"}],"author":[{"embeddable":true,"href":"http:\/\/emaa.de\/index.php?rest_route=\/wp\/v2\/users\/1"}],"replies":[{"embeddable":true,"href":"http:\/\/emaa.de\/index.php?rest_route=%2Fwp%2Fv2%2Fcomments&post=440"}],"version-history":[{"count":1,"href":"http:\/\/emaa.de\/index.php?rest_route=\/wp\/v2\/posts\/440\/revisions"}],"predecessor-version":[{"id":441,"href":"http:\/\/emaa.de\/index.php?rest_route=\/wp\/v2\/posts\/440\/revisions\/441"}],"wp:attachment":[{"href":"http:\/\/emaa.de\/index.php?rest_route=%2Fwp%2Fv2%2Fmedia&parent=440"}],"wp:term":[{"taxonomy":"category","embeddable":true,"href":"http:\/\/emaa.de\/index.php?rest_route=%2Fwp%2Fv2%2Fcategories&post=440"},{"taxonomy":"post_tag","embeddable":true,"href":"http:\/\/emaa.de\/index.php?rest_route=%2Fwp%2Fv2%2Ftags&post=440"}],"curies":[{"name":"wp","href":"https:\/\/api.w.org\/{rel}","templated":true}]}}