{"id":445,"date":"2015-01-14T14:17:58","date_gmt":"2015-01-14T13:17:58","guid":{"rendered":"http:\/\/www.emaa.de\/?p=445"},"modified":"2016-03-06T11:46:20","modified_gmt":"2016-03-06T10:46:20","slug":"europa-info-april-2009","status":"publish","type":"post","link":"http:\/\/emaa.de\/?p=445","title":{"rendered":"Europa Info April 2009"},"content":{"rendered":"<p><a href=\"http:\/\/www.emaa.de\/wp-878ef-content\/uploads\/2015\/01\/emaa_logo_01.jpg\"><img loading=\"lazy\" decoding=\"async\" class=\"alignnone size-full wp-image-267\" src=\"http:\/\/www.emaa.de\/wp-878ef-content\/uploads\/2015\/01\/emaa_logo_01.jpg\" alt=\"emaa_logo_01\" width=\"92\" height=\"92\" srcset=\"http:\/\/emaa.de\/wp-878ef-content\/uploads\/2015\/01\/emaa_logo_01.jpg 92w, http:\/\/emaa.de\/wp-878ef-content\/uploads\/2015\/01\/emaa_logo_01-48x48.jpg 48w\" sizes=\"auto, (max-width: 92px) 100vw, 92px\" \/><\/a><\/p>\n<h1>EMAA-EUROPA-INFOs April 2009<\/h1>\n<p>Sehr geehrte Kolleginnen und Kollegen,<\/p>\n<p>in dieser Ausgabe finden Sie Beitr\u00e4ge zu folgenden Themen:<\/p>\n<p>&#8211; Termine\/Seminare<br \/>\n&#8211; EMAA-Lobbyarbeit<br \/>\n&#8211; EUROPA\u00a0 VON\u00a0 A \u2013 Z<br \/>\n&#8211; EDV und Software<br \/>\n&#8211; Steuern und Finanzen<br \/>\n&#8211; Aktuelle Neuigkeiten in der internationalen Rechnungslegung<br \/>\n&#8211; Buchtipp<\/p>\n<p>Wir hoffen, Ihnen interessante Informationen und Beitr\u00e4ge liefern zu k\u00f6nnen!<\/p>\n<p>Ihr EMAA-Team<\/p>\n<p>&nbsp;<\/p>\n<div>\n<table class=\"imgtext-table\" border=\"0\" width=\"475\" cellspacing=\"0\" cellpadding=\"0\">\n<tbody>\n<tr>\n<td colspan=\"1\"><\/td>\n<\/tr>\n<tr>\n<td valign=\"top\"><img loading=\"lazy\" decoding=\"async\" title=\"\" src=\"http:\/\/emaa.de\/wp-878ef-content\/uploads\/2015\/02\/Spacer_d987b2_25.jpg\" alt=\"\" width=\"475\" height=\"16\" align=\"top\" border=\"0\" \/><\/td>\n<\/tr>\n<\/tbody>\n<\/table>\n<\/div>\n<p><a id=\"c949\"><\/a><\/p>\n<h3>EMAA AKTUELL<\/h3>\n<p>Der Termin f\u00fcr die n\u00e4chste Arbeitssitzung ist der 16. Mai 2009.<\/p>\n<p>Weitere Infos zu den Terminen: <a href=\"http:\/\/www.emaa.de\/?cat=4\" target=\"page\">www.emaa.de\/58.0.html<\/a><\/p>\n<p><b>Seminarangebote unserer Mitgliedsverb\u00e4nde<\/b><\/p>\n<p><b>BVBC, Deutschland<\/b><\/p>\n<p><b>28.-30.05.2009<\/b>\u00a0\u00a0\u00a0\u00a0\u00a0\u00a0\u00a0\u00a0\u00a0\u00a0 BVBC Kongress und kongressbegleitende Ausstellung<b>\u00a0<\/b><b>ReWeCo\u00d2 <\/b>in Celle; Niedersachsen<\/p>\n<p>Information unter <a href=\"http:\/\/www.bvbc.de\/karriere-portal\/weiterbildung\/fachbereiche.html\" target=\"_blank\">http:\/\/www.bvbc.de\/karriere-portal\/weiterbildung\/fachbereiche.html<\/a><\/p>\n<p><b>B\u00d6B, \u00d6sterreich<\/b><\/p>\n<p><b>Klubseminare im \u00dcberblick \u00f6sterreichweit\u00a0<\/b><\/p>\n<p>Information unter <a href=\"http:\/\/www.boeb.at\/Seminare\/seminar_inhalt.html\" target=\"_blank\">www.boeb.at\/Seminare\/seminar_inhalt.html<\/a><\/p>\n<p><b>SU, Tschechische Republik:<\/b><\/p>\n<p>Information unter <a href=\"http:\/\/www.svaz-ucetnich.cz\/\" target=\"_blank\">http:\/\/www.svaz-ucetnich.cz<\/a><\/p>\n<div>\n<table class=\"imgtext-table\" border=\"0\" width=\"475\" cellspacing=\"0\" cellpadding=\"0\">\n<tbody>\n<tr>\n<td colspan=\"1\"><\/td>\n<\/tr>\n<tr>\n<td valign=\"top\"><img loading=\"lazy\" decoding=\"async\" title=\"\" src=\"http:\/\/emaa.de\/wp-878ef-content\/uploads\/2015\/02\/Spacer_860836_25.jpg\" alt=\"\" width=\"475\" height=\"16\" align=\"top\" border=\"0\" \/><\/td>\n<\/tr>\n<\/tbody>\n<\/table>\n<\/div>\n<p><a id=\"c947\"><\/a><\/p>\n<h3>EMAA LOBBYARBEIT<\/h3>\n<p><b>Mitgliederversammlung 2009<\/b><\/p>\n<p>Derzeit wird die Mitgliederversammlung im Pr\u00e4sidium vorbereitet. Diese wird voraussichtlich am Samstag, 13. Juni 2009, \u00a0in Bonn stattfinden. Einladungen erfolgen noch.<\/p>\n<p>&nbsp;<\/p>\n<p><b>Jubil\u00e4umsfest &#8222;10 Jahre Buchhaltungsberufe&#8220;<\/b><\/p>\n<p><b>Fachverband Unternehmensberatung und IT l\u00e4dt f\u00fcr 19. Juni 2009 zum Jubil\u00e4umsfest ins Austria Trend Eventhotel Pyramide in V\u00f6sendorf bei Wien<\/b><\/p>\n<p>Der Fachverband Unternehmensberatung und Informationstechnologie (UBIT) vertritt mehr als 5.700 Mitglieder der selbst\u00e4ndig t\u00e4tigen Buchhaltungsberufe (BilanzbuchhalterInnen, Gewerbliche BuchhalterInnen, Selbst\u00e4ndige BuchhalterInnen, BuchhalterInnen und PersonalverrechnerInnen). Erstmals wurden Mitte 1999 gewerbliche selbst\u00e4ndige Buchhaltungsberufe zugelassen. Vor allem seit Inkrafttreten des Bilanzbuchhaltungsgesetzes am 1. J\u00e4nner 2007 boomt der neue Beruf der selbst\u00e4ndigen BilanzbuchhalterInnen: 2.500 Personen bzw. Gesellschaften haben die \u00f6ffentliche Bestellung bzw. Anerkennung nach dem Bilanzbuchhaltungsgesetz erhalten.Diese positive Entwicklung und das 10-Jahres-Jubil\u00e4um sind ein Grund zum Feiern: BuchhalterInnen aus ganz \u00d6sterreich werden bei diesem Branchenevent die Gelegenheit f\u00fcr den Besuch von Fachvortr\u00e4gen, Networking und Informationsaustausch haben. G\u00e4ste aus dem Ausland sind nat\u00fcrlich ebenfalls herzlich willkommen.Anmeldung zur kostenlosen Veranstaltung:Fachverband Unternehmensberatung und Informationstechnologie &#8211; UBIT\u00a0 Larissa Nolz Tel. 05 90 900-3540ubit@wko.atR\u00fcckfragehinweis:\u00a0\u00a0 Wirtschaftskammer \u00d6sterreich\u00a0\u00a0 Fachverband Unternehmensberatung und Informationstechnologie &#8211; UBIT<br \/>\nLarissa Nolz \u00a0\u00a0\u00a0T: 0043 05 90 900-3540\u00a0\u00a0 E: <a>ubit@wko.at<\/a><\/p>\n<div>\n<table class=\"imgtext-table\" border=\"0\" width=\"475\" cellspacing=\"0\" cellpadding=\"0\">\n<tbody>\n<tr>\n<td colspan=\"1\"><\/td>\n<\/tr>\n<tr>\n<td valign=\"top\"><img loading=\"lazy\" decoding=\"async\" title=\"\" src=\"http:\/\/emaa.de\/wp-878ef-content\/uploads\/2015\/02\/Spacer_8e9001_25.jpg\" alt=\"\" width=\"475\" height=\"16\" align=\"top\" border=\"0\" \/><\/td>\n<\/tr>\n<\/tbody>\n<\/table>\n<\/div>\n<p><a id=\"c945\"><\/a><\/p>\n<h3>EUROPA VON A &#8211; Z<\/h3>\n<p><b>Arbeitsuchende<\/p>\n<p><\/b>Der EU-Grundsatz der Freiz\u00fcgigkeit der Arbeitnehmer besagt, dass Sie in jedem EU-Staat, in Norwegen, Island und Lichtenstein (dem Europ\u00e4ischen Wirtschaftsraum) und in der Schweiz eine Arbeit aufnehmen k\u00f6nnen. Lediglich 2\u00a0% der Menschen in Europa leben und arbeiten nicht in ihrem Herkunftsland. Dennoch bietet das Arbeiten im Ausland zahlreiche Vorteile:<br \/>\nMan kann neue professionelle und pers\u00f6nliche F\u00e4higkeiten erlangen und somit Fertigkeiten, Selbstbewusstsein und Kommunikationsst\u00e4rke entwickeln; neue Einblicke und Perspektiven gewinnen und somit seinen kulturellen Hintergrund erweitern und Sprachkenntnisse erlangen oder verbessern; die am besten passende Stelle ausw\u00e4hlen und einen festen, befristeten oder Saisonjob finden.<\/p>\n<p>Was kann EURES f\u00fcr Sie tun? <a href=\"http:\/\/ec.europa.eu\/eures\/main.jsp?acro=job&amp;lang=de&amp;catId=52&amp;parentId=0\" target=\"_blank\">http:\/\/ec.europa.eu\/eures\/main.jsp?acro=job&amp;lang=de&amp;catId=52&amp;parentId=0<\/a><\/p>\n<p>\u00dcber das EURES-Portal k\u00f6nnen Sie Informationen zur Freiz\u00fcgigkeit der Arbeitnehmer abrufen, auf eine Stellensuchmaschine und ein Netz von rund 800 EURES-Beratern zugreifen, die Ihnen gern mit Rat und Tat zur Seite stehen. Optionen:<br \/>\nMit einem Klick auf \u201eStellensuche\u201c haben Sie Zugriff auf freie Stellen in 31 europ\u00e4ischen L\u00e4ndern. Diese Stellen werden in Echtzeit aktualisiert. Durch kostenloses Registrieren in \u201eMy EURES\u201c f\u00fcr Arbeitsuchende k\u00f6nnen Sie Ihren Lebenslauf erstellen und registrierten Arbeitgebern sowie den EURES-Beratern zug\u00e4nglich machen, die den Arbeitgebern bei der Suche nach geeigneten Bewerbern behilflich sind. Unter der Rubrik \u201eLeben und Arbeiten\u201c finden Sie Informationen \u00fcber die Arbeitsmarktsituation und die Lebens- und Arbeitsbedingungen in einem anderen EWR-Land.<br \/>\nIn diesem Abschnitt finden Sie Angaben, welche Arbeitsm\u00e4rkte der EWR-L\u00e4nder w\u00e4hrend des \u00dcbergangszeitraums Beschr\u00e4nkungen f\u00fcr B\u00fcrger aus Bulgarien und Rum\u00e4nien und den am 1. Mai 2004 beigetretenen Staaten unterliegen.<br \/>\nDurch einen Mausklick auf \u201eEURES-Berater\u201c oder durch Kontaktaufnahme mit Ihrem \u00f6rtlichen oder regionalen Arbeitsamt haben Sie Zugang zu einer Vielzahl an Informationsinstrumenten und Tipps zu zahlreichen praktischen, rechtlichen und administrativen Fragen, die mit der Stelle im Ausland verbunden sind.<\/p>\n<p>Hier finden Sie weitere n\u00fctzliche Informationen <a href=\"http:\/\/ec.europa.eu\/eures\/myEures\/public\/createEuresAccount.do?dispatch=newJobseekerPrivacyStatementPage&amp;to=J.R&amp;lang=de&amp;notReg\" target=\"_blank\">http:\/\/ec.europa.eu\/eures\/myEures\/public\/createEuresAccount.do?dispatch=newJobseekerPrivacyStatementPage&amp;to=J.R&amp;lang=de\u00acReg<\/a>=<\/p>\n<p><b>VEB, Schweiz<\/b><\/p>\n<p>Information unter <a href=\"http:\/\/www.veb.ch\/html\/veranstaltungen.html\" target=\"_blank\">www.veb.ch\/html\/veranstaltungen.html<\/a><\/p>\n<div>\n<table class=\"imgtext-table\" border=\"0\" width=\"475\" cellspacing=\"0\" cellpadding=\"0\">\n<tbody>\n<tr>\n<td colspan=\"1\"><\/td>\n<\/tr>\n<tr>\n<td valign=\"top\"><img loading=\"lazy\" decoding=\"async\" title=\"\" src=\"http:\/\/emaa.de\/wp-878ef-content\/uploads\/2015\/02\/Spacer_764b33_25.jpg\" alt=\"\" width=\"475\" height=\"16\" align=\"top\" border=\"0\" \/><\/td>\n<\/tr>\n<\/tbody>\n<\/table>\n<\/div>\n<p><a id=\"c943\"><\/a><\/p>\n<h3>STEUERN UND FINANZEN<\/h3>\n<p><b>Versand der Steuer-Identifikationsnummer +++<\/b><\/p>\n<p>Sie haben Ihre Steuer-Identifikationsnummer noch nicht erhalten? \u00a0Informationen, was zu tun ist, wenn Sie bis heute noch keine Steuer-Identifikationsnummer erhalten haben, erhalten Sie unter <a title=\"www.identifikationsmerkmal.de\" href=\"http:\/\/www.identifikationsmerkmal.de\/\" target=\"_blank\"><b>www.identifikationsmerkmal.de<\/b><\/a>.<\/p>\n<p>&nbsp;<\/p>\n<p><b>D115 &#8211; Die einheitliche Beh\u00f6rdennummer f\u00fcr Deutschland<\/b><\/p>\n<p>&nbsp;<\/p>\n<p>Ab heute haben rund 10 Millionen B\u00fcrgerinnen und B\u00fcrger in Modellregionen mit der einheitlichen Beh\u00f6rdenrufnummer 115 im Pilotbetrieb einen direkten telefonischen Draht in die Verwaltung, wo ihnen schnelle und unkomplizierte Hilfe geboten werden soll. Dabei spielt es keine Rolle, welche Beh\u00f6rde oder welches Amt f\u00fcr das Anliegen zust\u00e4ndig ist.<\/p>\n<p>Die 115 ist von Montag bis Freitag von 8 bis 18 Uhr erreichbar. Hier sollen mindestens 75 Prozent der 115-Anrufe innerhalb einer Frist von 30 Sekunden durch Mitarbeiter in einem D115-Servicecenter angenommen und mindestens 55 Prozent der 115-Anrufe beim ersten Anruf beantwortet werden. Wenn ein Anruf nicht sofort beantwortet werden kann, erh\u00e4lt der Anrufer innerhalb von 24 Stunden w\u00e4hrend der Servicezeiten eine R\u00fcckmeldung &#8211; je nach Wunsch per Mail, Fax oder R\u00fcckruf.<\/p>\n<p>Das <a title=\"blocked::http:\/\/www.steuerliches-info-center.de\/ http:\/\/www.steuerliches-info-center.de\/\" href=\"http:\/\/www.steuerliches-info-center.de\/\" target=\"_blank\">Steuerliche Info-Center<\/a> beteiligt sich bei D115 in der Auskunftserteilung im 2nd Level und ist mit den anderen Servicecentern in Bund, L\u00e4ndern und Kommunen vernetzt.<\/p>\n<p>Weitere Infos zu D115 finden Sie auf der Projektseite <a title=\"blocked::http:\/\/www.d115.de\/ http:\/\/www.d115.de\/\" href=\"http:\/\/www.d115.de\/\" target=\"_blank\">http:\/\/www.d115.de\/<\/a>.<\/p>\n<p>Dort steht auch ein <a title=\"blocked::http:\/\/multimedia.gsb.bund.de\/BMI\/D115\/Video\/D115_Einheitl_BehRufnr.MPG http:\/\/multimedia.gsb.bund.de\/BMI\/D115\/Video\/D115_Einheitl_BehRufnr.MPG\" href=\"http:\/\/multimedia.gsb.bund.de\/BMI\/D115\/Video\/D115_Einheitl_BehRufnr.MPG\" target=\"_blank\">Info-Trailer<\/a> zum Abruf bereit.<\/p>\n<p>&nbsp;<\/p>\n<div>\n<table class=\"imgtext-table\" border=\"0\" width=\"475\" cellspacing=\"0\" cellpadding=\"0\">\n<tbody>\n<tr>\n<td colspan=\"1\"><\/td>\n<\/tr>\n<tr>\n<td valign=\"top\"><img loading=\"lazy\" decoding=\"async\" title=\"\" src=\"http:\/\/emaa.de\/wp-878ef-content\/uploads\/2015\/02\/Spacer_fc8554_25.jpg\" alt=\"\" width=\"475\" height=\"16\" align=\"top\" border=\"0\" \/><\/td>\n<\/tr>\n<\/tbody>\n<\/table>\n<\/div>\n<p><a id=\"c941\"><\/a><\/p>\n<h3>EDV und Software<\/h3>\n<p>K\u00fcrzlich wurde eine weitere neue Version des Internetwurms &#8222;Conficker&#8220; \u2013 auch &#8222;Downadup&#8220; genannt \u2013 entdeckt. Bitte sch\u00fctzen Sie also unbedingt Ihren Computer, denn der Wurm verbreitet sich weiterhin, und daher besteht ein hohes Gefahrenpotenzial.<br \/>\nStellen Sie in jedem Fall sicher, dass Sie eine aktuelle Antiviren-Software auf Ihrem Rechner installiert haben. Die Verwendung von komplexen \u2013 und damit sicheren \u2013 Passw\u00f6rtern f\u00fcr alle Benutzerkonten auf Ihrem Computer sollte obligatorisch sein.<\/p>\n<p>Microsoft stellt zudem eine umfangreiche Beschreibung zum diesem Thema im Internet bereit. Um auszuschlie\u00dfen, dass Ihr PC mit dem &#8222;Conficker-Wurm&#8220; infiziert ist, haben Sie folgende M\u00f6glichkeit: Laden Sie sich das &#8222;Malicious Software Removal Tool&#8220; (MSRT) herunter und f\u00fchren Sie es aus. Es erkennt und beseitigt die Wurm-Familie &#8222;Conficker&#8220;. Danach installieren Sie umgehend das Sicherheitsupdate 08-067 \u00fcber die Windows Update Webseite.<\/p>\n<p>Des Weiteren warnt Adobe vor einer kritischen Sicherheitsl\u00fccke in seiner Software zum Lesen von PDF-Dokumenten. Von der L\u00fccke betroffen sind alle Programmvarianten von Adobe Reader und Adobe Acrobat. Auch die neuen Versionen 9.0 und 8.1.3. Schon das \u00d6ffnen einer manipulierten PDF-Datei gen\u00fcgt, um den PC mit Trojaner oder Viren zu infizieren. Ein Update, das die L\u00fccke schlie\u00dft, soll erst ab dem 11. M\u00e4rz zur Verf\u00fcgung stehen. Bis dahin k\u00f6nnen Sie sich notd\u00fcrftig sch\u00fctzen, indem Sie JavaScript in Adobe Reader oder Acrobat deaktivieren. Dazu entfernen Sie unter Bearbeiten\/Voreinstellungen\/JavaScript das H\u00e4kchen von der Option &#8222;Acrobat JavaScript aktivieren&#8220;. Ferner sollte die Funktion &#8222;PDF in Browser anzeigen&#8220; ausgeschaltet sein.<\/p>\n<div>\n<table class=\"imgtext-table\" border=\"0\" width=\"475\" cellspacing=\"0\" cellpadding=\"0\">\n<tbody>\n<tr>\n<td colspan=\"1\"><\/td>\n<\/tr>\n<tr>\n<td valign=\"top\"><img loading=\"lazy\" decoding=\"async\" title=\"\" src=\"http:\/\/emaa.de\/wp-878ef-content\/uploads\/2015\/02\/Spacer_405408_25.jpg\" alt=\"\" width=\"475\" height=\"16\" align=\"top\" border=\"0\" \/><\/td>\n<\/tr>\n<\/tbody>\n<\/table>\n<\/div>\n<p><a id=\"c938\"><\/a><\/p>\n<h3>AKTUELLE NEUIGKEITEN IN DER INTERNATIONALEN RECHNUNGSLEGUNG<\/h3>\n<p><b>Ab 2010 ist das BilMoG anzuwenden<br \/>\n<\/b>Nachdem sich die Reform mehrfach verz\u00f6gerte, wurde der 235-seitige Gesetzesentwurf nun am 26. M\u00e4rz 2009 vom Bundestag verabschiedet. Durch die Zustimmung des Bundesrats am 3 April beginnt die erstmalige Anwendung der meisten Vorschriften f\u00fcr Gesch\u00e4ftsjahre mit Beginn nach dem 31.12.2009. Eine freiwillige Anwendung aller Vorschriften des BilMoG f\u00fcr 2009 ist m\u00f6glich.<br \/>\n<b>Einige \u00c4nderungen gegen\u00fcber den bisherigen Entw\u00fcrfen:<\/b> Die bisher geplante Bewertung von Finanzinstrumenten des Handelsbestands mit dem beizulegenden Zeitwert wird nur f\u00fcr Banken realisiert, aktive latente Steuern bleiben ein Wahlrecht und selbst erstellte immaterielle Verm\u00f6gensgegenst\u00e4nde m\u00fcssen nicht verpflichtend aktiviert werden. Ferner:<\/p>\n<ul type=\"disc\">\n<li>Einzelkaufleuten wird die handelsrechtliche Buchf\u00fchrungspflicht erlassen, wenn der Umsatz weniger als 500.000 \u20ac und der Gewinn weniger als 50.000 \u20ac betr\u00e4gt,<\/li>\n<li>die Schwellenwerte f\u00fcr die Gr\u00f6\u00dfenklassen nach \u00a7 267 HGB steigen um 20%,<\/li>\n<li>R\u00fcckstellungen sind k\u00fcnftig abzuzinsen und dabei im Finanzergebnis zu buchen; Preis- und Kostensteigerungen sind einzuberechnen,<\/li>\n<li>die umgekehrte Ma\u00dfgeblichkeit nach \u00a7 5 Abs. 1 Satz 2 EStG entf\u00e4llt,<\/li>\n<li>viele handelsrechtliche Wahlrechte fallen weg, z.B. die Abschreibung f\u00fcr k\u00fcnftige Wertschwankungen oder der Bruttoausweis ausstehender Einlagen.<\/li>\n<\/ul>\n<p>&nbsp;<\/p>\n<p>Weiteres finden Sie unter:<\/p>\n<p><a href=\"http:\/\/www.lexisnexis.de\/aktuelles\/anwaltswoche\/157934\/bundestag-verabschiedet-gesetz-zur-modernisierung-des-bilanzrechts-bilmog\" target=\"_blank\">http:\/\/www.lexisnexis.de\/aktuelles\/anwaltswoche\/157934\/bundestag-verabschiedet-gesetz-zur-modernisierung-des-bilanzrechts-bilmog<\/a><\/p>\n<p>&nbsp;<\/p>\n<p>&nbsp;<\/p>\n<div>\n<table class=\"imgtext-table\" border=\"0\" width=\"475\" cellspacing=\"0\" cellpadding=\"0\">\n<tbody>\n<tr>\n<td colspan=\"1\"><\/td>\n<\/tr>\n<tr>\n<td valign=\"top\"><img loading=\"lazy\" decoding=\"async\" title=\"\" src=\"http:\/\/emaa.de\/wp-878ef-content\/uploads\/2015\/02\/Spacer_fe62a7_46.jpg\" alt=\"\" width=\"475\" height=\"16\" align=\"top\" border=\"0\" \/><\/td>\n<\/tr>\n<\/tbody>\n<\/table>\n<\/div>\n<p><a id=\"c936\"><\/a><\/p>\n<h3>BUCHTIPP<\/h3>\n<p><b>Business-to-Business-Marketing<\/b><\/p>\n<p>Von Professor Dr. Peter Godefroid und Professor Dr. Waldemar Pf\u00f6rtsch.<\/p>\n<p>4., \u00fcberarbeitete und erweiterte Auflage 2009. 530 Seiten. Broschur.<\/p>\n<p>\u20ac 32,00 (D) \/ sFr 54,00<\/p>\n<p>ISBN 978-3-470-<b>47174<\/b>-7<\/p>\n<p>&nbsp;<\/p>\n<p>Das Buch behandelt in anschaulicher, praxisnaher Form die Marktprozesse<\/p>\n<p>zwischen Unternehmen. In allen Klassischen Feldern des Marketing \u2013<\/p>\n<p>das K\u00e4uferverhalten von Unternehmen, Marktforschung, Produkt-, Preis-,<\/p>\n<p>Distributionspolitik sowie Vertrieb und Kommunikation \u2013 werden die<\/p>\n<p>Besonderheiten des Marketing bei Gesch\u00e4ftsprozessen zwischen Unternehmen<\/p>\n<p>herausgearbeitet.<\/p>\n<p>In der 4. Auflage ist insbesondere der internationale Einsatz von Business-<\/p>\n<p>to-Business-Marketing deutlich ausf\u00fchrlicher dargestellt, das Markenmanagement<\/p>\n<p>um Industrieg\u00fctermarken erweitert und das Instrumentarium<\/p>\n<p>der Kundenzufriedenheit sowie deren Messung aufgenommen<\/p>\n<p>worden.<\/p>\n<p>Die bew\u00e4hrten Elemente \u2013 Kontrollfragen am Ende der Kapitel sowie der<\/p>\n<p>umfangreiche Blauteil mit Aufgaben\/F\u00e4llen und L\u00f6sungen \u2013 hilft wie<\/p>\n<p>gewohnt bei der Erarbeitung und Vertiefung des Beschriebenen. Zahlreiche<\/p>\n<p>Schaubilder, Tabellen und \u00dcbersichten erleichtern das Verst\u00e4ndnis<\/p>\n<p>des Stoffes. Zus\u00e4tzlich k\u00f6nnen Sie anhand von sechs umfangreichen<\/p>\n<p>Fallstudien die Besonderheiten des B-to-B-Marketing kennenlernen.<\/p>\n<p>Mit diesem Buch finden sowohl Studenten und Dozenten, aber auch<\/p>\n<p>Praktiker einen hilfreichen Leitfaden zum Verst\u00e4ndnis der Besonderheiten des Business-to-Business-Marketing.<\/p>\n<p>&nbsp;<\/p>\n<p>&nbsp;<\/p>\n<div>\n<table class=\"imgtext-table\" border=\"0\" width=\"475\" cellspacing=\"0\" cellpadding=\"0\">\n<tbody>\n<tr>\n<td colspan=\"1\"><\/td>\n<\/tr>\n<tr>\n<td valign=\"top\"><img loading=\"lazy\" decoding=\"async\" title=\"\" src=\"http:\/\/emaa.de\/wp-878ef-content\/uploads\/2015\/02\/Spacer_fe62a7_45.jpg\" alt=\"\" width=\"475\" height=\"16\" align=\"top\" border=\"0\" \/><\/td>\n<\/tr>\n<\/tbody>\n<\/table>\n<\/div>\n<p><a id=\"c934\"><\/a><\/p>\n<p>M\u00f6chten Sie k\u00fcnftig die EMAA-EUROPA-INFOs nicht mehr beziehen, k\u00f6nnen Sie den Service jederzeit mit einer Mitteilung an die EMAA (<a>kontakt@emaa.de<\/a>) stornieren.<\/p>\n<p>European Management Accountants Association e.V<br \/>\nEMAA e.V.<br \/>\nAm Propsthof 15 &#8211; 17<br \/>\n53121 Bonn<br \/>\nTelefon: +49 (0)228 &#8211; 9 63 93 18, Telefax: +49 (0)228 &#8211; 9 63 93 14<br \/>\nE-Mail: <a>kontakt@emaa.de<\/a>\u00a0 Internet: <a href=\"http:\/\/www.emaa.de\/\" target=\"_blank\">http:\/\/www.emaa.de<\/a><\/p>\n","protected":false},"excerpt":{"rendered":"<p>EMAA-EUROPA-INFOs April 2009 Sehr geehrte Kolleginnen und Kollegen, in dieser Ausgabe finden Sie Beitr\u00e4ge zu folgenden Themen: &#8211; Termine\/Seminare &#8211; EMAA-Lobbyarbeit &#8211; EUROPA\u00a0 VON\u00a0 A \u2013 Z &#8211; EDV und Software &#8211; Steuern und Finanzen &#8211; Aktuelle Neuigkeiten in der internationalen Rechnungslegung &#8211; Buchtipp Wir hoffen, Ihnen interessante Informationen und Beitr\u00e4ge liefern zu k\u00f6nnen! Ihr [&hellip;]<\/p>\n","protected":false},"author":1,"featured_media":0,"comment_status":"closed","ping_status":"closed","sticky":false,"template":"","format":"standard","meta":{"footnotes":""},"categories":[257,29,284,280],"tags":[],"class_list":["post-445","post","type-post","status-publish","format-standard","hentry","category-bulgarien","category-europa-info","category-norwegen","category-tschechien"],"_links":{"self":[{"href":"http:\/\/emaa.de\/index.php?rest_route=\/wp\/v2\/posts\/445","targetHints":{"allow":["GET"]}}],"collection":[{"href":"http:\/\/emaa.de\/index.php?rest_route=\/wp\/v2\/posts"}],"about":[{"href":"http:\/\/emaa.de\/index.php?rest_route=\/wp\/v2\/types\/post"}],"author":[{"embeddable":true,"href":"http:\/\/emaa.de\/index.php?rest_route=\/wp\/v2\/users\/1"}],"replies":[{"embeddable":true,"href":"http:\/\/emaa.de\/index.php?rest_route=%2Fwp%2Fv2%2Fcomments&post=445"}],"version-history":[{"count":1,"href":"http:\/\/emaa.de\/index.php?rest_route=\/wp\/v2\/posts\/445\/revisions"}],"predecessor-version":[{"id":446,"href":"http:\/\/emaa.de\/index.php?rest_route=\/wp\/v2\/posts\/445\/revisions\/446"}],"wp:attachment":[{"href":"http:\/\/emaa.de\/index.php?rest_route=%2Fwp%2Fv2%2Fmedia&parent=445"}],"wp:term":[{"taxonomy":"category","embeddable":true,"href":"http:\/\/emaa.de\/index.php?rest_route=%2Fwp%2Fv2%2Fcategories&post=445"},{"taxonomy":"post_tag","embeddable":true,"href":"http:\/\/emaa.de\/index.php?rest_route=%2Fwp%2Fv2%2Ftags&post=445"}],"curies":[{"name":"wp","href":"https:\/\/api.w.org\/{rel}","templated":true}]}}