{"id":447,"date":"2015-01-14T14:19:11","date_gmt":"2015-01-14T13:19:11","guid":{"rendered":"http:\/\/www.emaa.de\/?p=447"},"modified":"2016-03-06T11:46:20","modified_gmt":"2016-03-06T10:46:20","slug":"europa-info-mai-2009","status":"publish","type":"post","link":"http:\/\/emaa.de\/?p=447","title":{"rendered":"Europa Info Mai 2009"},"content":{"rendered":"<p><a href=\"http:\/\/www.emaa.de\/wp-878ef-content\/uploads\/2015\/01\/emaa_logo_01.jpg\"><img loading=\"lazy\" decoding=\"async\" class=\"alignnone size-full wp-image-267\" src=\"http:\/\/www.emaa.de\/wp-878ef-content\/uploads\/2015\/01\/emaa_logo_01.jpg\" alt=\"emaa_logo_01\" width=\"92\" height=\"92\" srcset=\"http:\/\/emaa.de\/wp-878ef-content\/uploads\/2015\/01\/emaa_logo_01.jpg 92w, http:\/\/emaa.de\/wp-878ef-content\/uploads\/2015\/01\/emaa_logo_01-48x48.jpg 48w\" sizes=\"auto, (max-width: 92px) 100vw, 92px\" \/><\/a><\/p>\n<p>&nbsp;<\/p>\n<h1>EMAA-EUROPA-INFOs Mai 2009<\/h1>\n<p>Sehr geehrte Kolleginnen und Kollegen,<\/p>\n<p>in dieser Ausgabe finden Sie Beitr\u00e4ge zu folgenden Themen:<\/p>\n<p>&#8211; Termine\/Seminare<br \/>\n&#8211; EMAA-Lobbyarbeit<br \/>\n&#8211; EUROPA\u00a0 VON\u00a0 A \u2013 Z<br \/>\n&#8211; EDV und Software<br \/>\n&#8211; Steuern und Finanzen<br \/>\n&#8211;\u00a0Aktuelle Neuigkeiten in der internationalen Rechnungslegung<br \/>\n&#8211; Buchtipp<\/p>\n<p>Wir hoffen, Ihnen interessante Informationen und Beitr\u00e4ge liefern zu k\u00f6nnen!<\/p>\n<p>Ihr EMAA-Team<\/p>\n<div>\n<table class=\"imgtext-table\" border=\"0\" width=\"475\" cellspacing=\"0\" cellpadding=\"0\">\n<tbody>\n<tr>\n<td colspan=\"1\"><\/td>\n<\/tr>\n<tr>\n<td valign=\"top\"><img loading=\"lazy\" decoding=\"async\" title=\"\" src=\"http:\/\/www.emaa.de\/wp-878ef-content\/uploads\/2015\/02\/Spacer_d987b2_26.jpg\" alt=\"\" width=\"475\" height=\"16\" align=\"top\" border=\"0\" \/><\/td>\n<\/tr>\n<\/tbody>\n<\/table>\n<\/div>\n<p><a id=\"c968\"><\/a><\/p>\n<h3>EMAA AKTUELL<\/h3>\n<p><b>TERMINE:\u00a0\u00a0\u00a0\u00a0<\/b><\/p>\n<p>Die n\u00e4chste Arbeitssitzung ist am 30.05.2009 in Celle auf dem BVBC Kongress.<\/p>\n<p>Weitere Infos zu den Terminen: <a href=\"http:\/\/www.emaa.de\/?cat=4\" target=\"page\">www.emaa.de\/58.0.html<\/a><\/p>\n<p><b>Seminarangebote unserer Mitgliedsverb\u00e4nde<br \/>\n<\/b><\/p>\n<p><b>BVBC; Deutschland<\/b><\/p>\n<p><b>28.-30.05.2009<\/b> BVBC Kongress und kongressbegleitende Ausstellung<b><br \/>\nReWeCo\u00d2 <\/b>in Celle; Niedersachsen<\/p>\n<p>Information unter <a href=\"http:\/\/www.bvbc.de\/karriere-portal\/weiterbildung\/fachbereiche.html\" target=\"_blank\">http:\/\/www.bvbc.de\/karriere-portal\/weiterbildung\/fachbereiche.html<\/a><br \/>\n<b>B\u00d6B, \u00d6sterreich<\/b><\/p>\n<p><b>Klubseminare im \u00dcberblick \u00f6sterreichweit\u00a0<\/b><\/p>\n<p>Information unter <a href=\"http:\/\/www.boeb.at\/Seminare\/seminar_inhalt.html\" target=\"_blank\">www.boeb.at\/Seminare\/seminar_inhalt.html<\/a><\/p>\n<p><b><br \/>\nSU, Tschechische Republik:<\/b><\/p>\n<p>Information unter <a href=\"http:\/\/www.svaz-ucetnich.cz\/\" target=\"_blank\">http:\/\/www.svaz-ucetnich.cz<\/a><\/p>\n<p>&nbsp;<\/p>\n<div>\n<table class=\"imgtext-table\" border=\"0\" width=\"475\" cellspacing=\"0\" cellpadding=\"0\">\n<tbody>\n<tr>\n<td colspan=\"1\"><\/td>\n<\/tr>\n<tr>\n<td valign=\"top\"><img loading=\"lazy\" decoding=\"async\" title=\"\" src=\"http:\/\/emaa.de\/wp-878ef-content\/uploads\/2015\/02\/Spacer_860836_26.jpg\" alt=\"\" width=\"475\" height=\"16\" align=\"top\" border=\"0\" \/><\/td>\n<\/tr>\n<\/tbody>\n<\/table>\n<\/div>\n<p><a id=\"c966\"><\/a><\/p>\n<h3>EMAA LOBBYARBEIT<\/h3>\n<p><b>EMAA Mitgliederversammlung 2009 in Bonn<\/b><\/p>\n<p>An der Mitgliederversammlung nehmen die Delegierten aus Deutschland, \u00d6sterreich und der Tschechischen Republik sowie F\u00f6rdermitglieder teil. Die Mitgliederversammlung beginnt am 13. Juni 2009 um 10 Uhr in Bonn. Einladungen sind bereits erfolgt.<\/p>\n<p><b>Unter Top 3<\/b> wird eine Diskussion mit Beschluss \u00fcber die Umsetzung der Ergebnisse der EMAA-Arbeitsgruppe erwartet.<br \/>\n<b><br \/>\nUnter Top 8<\/b> erfolgt die Neuwahl des Pr\u00e4sidiums.<br \/>\nDer amtierende Pr\u00e4sident wird nach 15 Jahren Pr\u00e4sidentschaft nicht wieder f\u00fcr das Amt kandidieren. J\u00fcngere Personen sind gefragt.<\/p>\n<p>Als Kandidaten stehen zur Verf\u00fcgung. Uwe J\u00fcttner und Ulrich Neubauer aus Deutschland, beide BVBC sowie Gerhard Peirhofer und Siegfried Mark aus \u00d6sterreich beide B\u00d6B.<\/p>\n<p>Details und die Tagesordnung finden Sie unter: <a href=\"http:\/\/www.emaa.info\/180.0.html\" target=\"page\">http:\/\/www.emaa.de\/180.0.html<\/a><\/p>\n<div>\n<table class=\"imgtext-table\" border=\"0\" width=\"475\" cellspacing=\"0\" cellpadding=\"0\">\n<tbody>\n<tr>\n<td colspan=\"1\"><\/td>\n<\/tr>\n<tr>\n<td valign=\"top\"><img loading=\"lazy\" decoding=\"async\" title=\"\" src=\"http:\/\/emaa.de\/wp-878ef-content\/uploads\/2015\/02\/Spacer_8e9001_26.jpg\" alt=\"\" width=\"475\" height=\"16\" align=\"top\" border=\"0\" \/><\/td>\n<\/tr>\n<\/tbody>\n<\/table>\n<\/div>\n<p><a id=\"c964\"><\/a><\/p>\n<h3>EUROPA VON A &#8211; Z<\/h3>\n<p>European Federation of Accountants and Auditors for SMEs<\/p>\n<p>Accounting: Accounting overview<\/p>\n<p>The accountancy profession faces an ever changing environment. At international level, the development of International Financial Reporting Standards (IFRS) is one of the main challenges. At European level, their implementation is at stake. EFAA has a particular interest in the proposed international solutions for SME accounting, including the one authored by the International Accounting Standards Board. The simplification of the European accounting rules (4th and 7th Directives) is another important issue open for debate. In both cases, improving the quality, comparability and transparency of companies&#8216; financial information is of the utmost importance. However, it is our obligation to play a watchdog role with regard to securing that a right balance is kept between costs and benefits of the proposed solutions.<\/p>\n<p>The needs of SMPs and SMEs differ from those of large companies. EFAA plays an active role to better represent and defend their interests. We participate in several international and European technical and advisory committees, such as the European Financial Reporting Advisory Group (EFRAG) and several International Financial Accounting Committee&#8217;s Consultative Advisory Groups.<br \/>\nEFAA has also set up an <a href=\"http:\/\/www.efaa.com\/Accounting,Expert,Group,123.html\" target=\"_blank\">expert group on accounting<\/a>. Main issues:<br \/>\n&#8211; <a href=\"http:\/\/www.efaa.com\/International,Financial,Reporting,Standards,for,SMEs,Exposure,Draft,67.html\" target=\"_blank\">IFRS for SMEs<\/a><br \/>\n&#8211; <a href=\"http:\/\/www.efaa.com\/Simplification,of,the,EU,legislation,on,company,law,auditing,and,accounting,66.html\" target=\"_blank\">Simplification of the EU legislation on company law, auditing and accounting<\/a><\/p>\n<p>The Accounting Expert Group\u00a0main\u00a0tasks are:<br \/>\nto comment on the IASB&#8217;s exposure draft of an IFRS for SMEs, and similar;<\/p>\n<ul type=\"disc\">\n<li>to work with EFRAG to ensure that SMP\/SME interests are taken into account;<\/li>\n<li>to comment on the EU&#8217;s &#8222;Simplification&#8220; proposals;<\/li>\n<li>to develop EFAA&#8217;s own proposals for the regulation of accounting in Europe; and<\/li>\n<li>to maintain a dialogue with the DG Internal Market Accounting Department.<\/li>\n<\/ul>\n<p>Members of the Accounting expert group are:<\/p>\n<table border=\"0\" width=\"392\" cellpadding=\"0\">\n<tbody>\n<tr>\n<td valign=\"top\" width=\"95\">Chair<\/p>\n<p>&nbsp;<\/td>\n<td valign=\"top\" width=\"189\">Jan Achten<\/td>\n<td valign=\"top\" width=\"100\">NOvAA<\/td>\n<\/tr>\n<tr>\n<td valign=\"top\" width=\"95\">Members<\/td>\n<td valign=\"top\" width=\"189\">Knut Hoylie<\/p>\n<p>Hanne Opsahl<\/p>\n<p>Antonio Pulido<\/p>\n<p>Richard Martin<\/p>\n<p>Dr. Fritz Vogt<\/p>\n<p>Vali Rahimov<\/p>\n<p>Preben Rasmussen<\/p>\n<p>Nelson Ferreira<\/td>\n<td valign=\"top\" width=\"100\">NARF<\/p>\n<p>NARF<\/p>\n<p>CGCEE<\/p>\n<p>AAPA<\/p>\n<p>DStV<\/p>\n<p>CAAR<\/p>\n<p>FRR<\/p>\n<p>CTOC<\/td>\n<\/tr>\n<\/tbody>\n<\/table>\n<p>&nbsp;<\/p>\n<p>European Federation of Accountants and Auditors for SMEs<br \/>\nRue Jacques de Lalaing, 4<br \/>\nB-1040 Brussels<br \/>\nBelgium<br \/>\nT +32 (0)2 736 88 86<br \/>\nF +32 (0)2 736 29 64<br \/>\n<a href=\"http:\/\/www.efaa.com\/Accounting,37.html\" target=\"_blank\">http:\/\/www.efaa.com\/Accounting,37.html<\/a><\/p>\n<p>VEB, Schweiz<\/p>\n<p>Der veb.ch bringt Sie weiter! Sie finden hier\u00a0 <a href=\"http:\/\/veb.ch\/index.php?id=36\" target=\"_blank\">http:\/\/veb.ch\/index.php?id=36<\/a>\u00a0\u00a0 alle Weiterbildungsangebote von veb.ch.<\/p>\n<p>Der veb.ch verzichtet ganz bewusst auf die Publikation eines Jahresprogramms. Die Weiterbildungsangebote werden f\u00fcr die Bed\u00fcrfnisse der Praxis konzipiert. So kann der veb.ch sehr kurzfristig auf neue Anforderungen reagieren und jederzeit zu topaktuellen Themen Weiterbildungen anbieten. Nach dem Slogan: Wollen Sie unverzichtbar werden? Dann entscheiden Sie sich noch heute f\u00fcr ein Angebot von veb.ch.<\/p>\n<div>\n<table class=\"imgtext-table\" border=\"0\" width=\"475\" cellspacing=\"0\" cellpadding=\"0\">\n<tbody>\n<tr>\n<td colspan=\"1\"><\/td>\n<\/tr>\n<tr>\n<td valign=\"top\"><img loading=\"lazy\" decoding=\"async\" title=\"\" src=\"http:\/\/emaa.de\/wp-878ef-content\/uploads\/2015\/02\/Spacer_764b33_26.jpg\" alt=\"\" width=\"475\" height=\"16\" align=\"top\" border=\"0\" \/><\/td>\n<\/tr>\n<\/tbody>\n<\/table>\n<\/div>\n<p><a id=\"c962\"><\/a><\/p>\n<h3>EDV und Software<\/h3>\n<p><a href=\"http:\/\/themen.t-online.de\/news\/windows-7\" target=\"toi\"><b>Windows 7<\/b><\/a> erscheint rechtzeitig zum Weihnachtsfest 2009. Das hat ein Microsoft-Manager jetzt best\u00e4tigt. P\u00fcnktlich zum Festtagsgesch\u00e4ft sollen Computerhersteller ihre Rechner mit einem vorinstalliertem Windows 7 verkaufen k\u00f6nnen. Damit best\u00e4tigt der Konzern lang anhaltende Ger\u00fcchte: Gleich mehrere Experten hatten in den vergangenen Monaten eine Ver\u00f6ffentlichung des Vista-Nachfolgers noch in diesem Jahr prophezeit.<\/p>\n<p>Dies ist eine deutliche Verk\u00fcrzung, denn der bisherige Zeitplan sah eine Ver\u00f6ffentlichung des Systems im ersten Quartal 2010 vor.<\/p>\n<div>\n<table class=\"imgtext-table\" border=\"0\" width=\"475\" cellspacing=\"0\" cellpadding=\"0\">\n<tbody>\n<tr>\n<td colspan=\"1\"><\/td>\n<\/tr>\n<tr>\n<td valign=\"top\"><img loading=\"lazy\" decoding=\"async\" title=\"\" src=\"http:\/\/emaa.de\/wp-878ef-content\/uploads\/2015\/02\/Spacer_fc8554_26.jpg\" alt=\"\" width=\"475\" height=\"16\" align=\"top\" border=\"0\" \/><\/td>\n<\/tr>\n<\/tbody>\n<\/table>\n<\/div>\n<p><a id=\"c960\"><\/a><\/p>\n<h3>STEUERN UND FINANZEN<\/h3>\n<p><b>Dauerfristverl\u00e4ngerung f\u00fcr die Zusammenfassende Meldung entf\u00e4llt ab 2010<br \/>\n<\/b>EU-Richtlinie 2008\/117\/EG vom 20.1.2009<\/p>\n<p>Die Richtlinie 2008\/117\/EG zur \u00c4nderung der MwSt-Systemrichtlinie zum Zweck der Bek\u00e4mpfung des Steuerbetrugs bei innergemeinschaftlichen Ums\u00e4tzen wurde am 20.1.2009 im Amtsblatt der EU ver\u00f6ffentlicht.<\/p>\n<p>Darin enthalten sind vor allem Neuerungen betreffend die Zusammenfassende Meldung (\u00a7 18a UStG). Zum Zweck eines schnelleren Informationsaustausches, der wiederum dazu f\u00fchren soll, Umsatzsteuer-Betrugsf\u00e4lle schneller aufzudecken, ist eine Verk\u00fcrzung des Zeitraums f\u00fcr die Abgabe der Zusammenfassenden Meldung (ZM) auf einen Monat vorgesehen. W\u00e4hrend die ZM also gegenw\u00e4rtig f\u00fcr einen Zeitraum von drei Monaten erstellt und bis zum 10. des Folgemonats beim Finanzamt abgegeben werden muss, soll die ZM ab 2010 f\u00fcr einen Zeitraum von einem Kalendermonat erstellt und innerhalb einer Frist von h\u00f6chstens einem Monat abgegeben werden. Die Mitgliedstaaten k\u00f6nnen jedoch f\u00fcr KMU (Klein- und mittelst\u00e4ndische Unternehmen) auch weiterhin eine quartalsm\u00e4\u00dfige Abgabe der ZM gestatten, wenn der Gesamtbetrag der Lieferungen 50.000 \u20ac nicht \u00fcbersteigt. Die bisher bestehende M\u00f6glichkeit der Beantragung einer Dauerfristverl\u00e4ngerung durch den Steuerpflichtigen f\u00fcr einen Monat (30 Tage gem\u00e4\u00df \u00a7\u00a7 46 bis 48 UStDV, \u00a7 18a Abs. 1 Satz 6 UStG) soll g\u00e4nzlich entfallen.<\/p>\n<p><a href=\"http:\/\/rsw.beck.de\/rsw\/shop\/default.asp?docid=277574\" target=\"_blank\">http:\/\/rsw.beck.de\/rsw\/shop\/default.asp?docid=277574<\/a><\/p>\n<p>Nachweis von Vorsteuerbetr\u00e4gen durch Vorlage von Rechnungen und Einfuhrbelegen im Original<\/p>\n<p>FG K\u00f6ln, Urteil vom 1.9.2008, 2-K-3871\/06<\/p>\n<ol type=\"1\">\n<li>Hat ein im Ausland ans\u00e4ssiger Unternehmer den Verlust der Originalrechnung nicht zu vertreten, kann er im Vorsteuerverg\u00fctungsverfahren den Nachweis seines Erstattungsanspruchs auch durch Vorlage einer Zweitschrift oder Ablichtung f\u00fchren, sofern der dem Erstattungsantrag zugrundeliegende Vorgang stattgefunden hat und keine Gefahr weiterer Erstattungsantr\u00e4ge besteht.<\/li>\n<li>Das Kriterium des \u201eNicht-Vertretenm\u00fcssens\u201c ist bei Abhandenkommen der Originalrechnung nicht entbehrlich.<\/li>\n<\/ol>\n<p><a href=\"http:\/\/rsw.beck.de\/rsw\/shop\/default.asp?docid=279166\" target=\"_blank\">http:\/\/rsw.beck.de\/rsw\/shop\/default.asp?docid=279166<\/a><\/p>\n<div>\n<table class=\"imgtext-table\" border=\"0\" width=\"475\" cellspacing=\"0\" cellpadding=\"0\">\n<tbody>\n<tr>\n<td colspan=\"1\"><\/td>\n<\/tr>\n<tr>\n<td valign=\"top\"><img loading=\"lazy\" decoding=\"async\" title=\"\" src=\"http:\/\/emaa.de\/wp-878ef-content\/uploads\/2015\/02\/Spacer_405408_26.jpg\" alt=\"\" width=\"475\" height=\"16\" align=\"top\" border=\"0\" \/><\/td>\n<\/tr>\n<\/tbody>\n<\/table>\n<\/div>\n<p><a id=\"c957\"><\/a><\/p>\n<h3>AKTUELLE NEUIGKEITEN IN DER INTERNATIONALEN RECHNUNGSLEGUNG<\/h3>\n<p><b>USA setzen Europa mit Bilanzregeln unter Druck<\/b><\/p>\n<p><b>IASB will \u00fcber Lockerung der Zeitwertbilanzierung nachdenken<\/b><\/p>\n<p>Die Lockerung der Bilanzierungsregeln, die Banken schon f\u00fcr die Ergebnisse des ersten Quartals 2009 anwenden k\u00f6nnen, war auf Druck von Politikern und von Bankenvertretern erfolgt. Der Vorsitzende des FASB (Financial Accounting Standards Board), Richard Herz, hatte bei einer Anh\u00f6rung vor dem Kongress im M\u00e4rz versprochen, neue Richtlinien f\u00fcr die sogenannte Zeitwertbilanzierung (Fair Value) vorzuschlagen.<\/p>\n<p>Politiker hatten vorher gedroht, \u00c4nderungen notfalls per Gesetz durchzusetzen. Bankenvertreter argumentieren, dass die verlangte Bewertung von Verm\u00f6genswerten nach Marktpreisen (mark-to-market) die Schwierigkeiten der Branche w\u00e4hrend der Finanzkrise versch\u00e4rft habe.<\/p>\n<p>Der FASB \u2013 Vorsto\u00df erweitert die M\u00f6glichkeiten, Papiere nicht mehr auf Basis von Preisen aus Notverk\u00e4ufen zu bewerten, sondern nach g\u00fcnstigeren Annahmen. Dies ist auch in den USA umstritten. Investoren f\u00fcrchten, dass Bankbilanzen dadurch noch undurchsichtiger werden.<\/p>\n<p>Gegner der Lockerung kritisierten, dass das FASB politischem Druck nachgegeben habe. \u201cDie Zeitwertbilanzierung bietet die Art von Transparenz, die n\u00f6tig ist, um das \u00f6ffentliche Vertrauen in die amerikanischen Finanzm\u00e4rkte wiederherzustellen\u201c, sagte Arthur Levitt, der ehemalige Vorsitzende der B\u00f6rsenaufsicht SEC.<\/p>\n<p>Der einseitige Schritt der Amerikaner setzt das f\u00fcr Europa und f\u00fcr den Rest der Welt zust\u00e4ndige Bilanzgremium International Accounting Standards Board (IASB) in London unter Handlungsdruck.<\/p>\n<p>Das IASB sperrt sich noch, den Amerikanern rasch zu folgen. Es hat zwar eine Konsultation eingeleitet, um die Meinung von Aufsehern, Regierungen und Banken zum FASB &#8211; Vorsto\u00df einzuholen. Die Treuh\u00e4nder, die das IASB \u00fcber-wachen, wollen aber an der laufenden, gr\u00fcndlichen \u00dcberarbeitung der Bilanzregeln festhalten, statt \u201eweiter st\u00fcckchenweise \u00c4nderungen zu machen\u201c, teilte das IASB mit. Der Vorschlag solle in sechs Monaten vorliegen.<\/p>\n<div>\n<table class=\"imgtext-table\" border=\"0\" width=\"475\" cellspacing=\"0\" cellpadding=\"0\">\n<tbody>\n<tr>\n<td colspan=\"1\"><\/td>\n<\/tr>\n<tr>\n<td valign=\"top\"><img loading=\"lazy\" decoding=\"async\" title=\"\" src=\"http:\/\/emaa.de\/wp-878ef-content\/uploads\/2015\/02\/Spacer_fe62a7_48.jpg\" alt=\"\" width=\"475\" height=\"16\" align=\"top\" border=\"0\" \/><\/td>\n<\/tr>\n<\/tbody>\n<\/table>\n<\/div>\n<p><a id=\"c955\"><\/a><\/p>\n<h3>BUCHTIPP<\/h3>\n<p>Bereits lieferbar!!<\/p>\n<p><b><\/b><br \/>\n<b>Prof. Dr. Klaus Hahn<br \/>\n<\/b>zweifarbig, 164 Seiten, Preis: 39,90 \u20ac<br \/>\nISBN: 978-3-9811315-4-3<b>, HDS-Verlag, <\/b><a href=\"http:\/\/www.hds-verlag.de\/\" target=\"_blank\"><b>www.hds-verlag.de<\/b><\/a><\/p>\n<p>In dem Buch werden auf Basis des endg\u00fcltigen Gesetzesstands die \u00c4nderungen der handelsrechtlichen Rechnungslegung im Einzel- und Konzernabschluss vollumf\u00e4nglich und systematisch aufgezeigt und anhand von Beispielen und Buchungss\u00e4tzen erl\u00e4utert. Dabei werden auch die Gemeinsamkeiten und Unterschiede der Neuregelungen im Vergleich zum Bilanzsteuerrecht und zu IFRS behandelt.<\/p>\n<p>Der Verfasser zeigt \u00fcberdies die \u00dcbergangregelungen bei den einzelnen Bilanzposten und sich daraus ergebende bilanzpolitische \u00dcberlegungen auf. Eine pr\u00e4gnante Darstellung der Neuregelungen zum Lagebericht, zur Corporate Governance sowie zur Abschlusspr\u00fcfung rundet das gelungene Werk ab.<\/p>\n<p>Das zweifarbige Buch stellt verst\u00e4ndlich und praxisnah die \u00c4nderungen durch das BilMoG dar. Das Werk ist sehr gut strukturiert und methodisch fundiert. Eine komplexe und vielschichtige Materie wird systematisch in leicht lesbarer Form aufgearbeitet. Mit der Gegen\u00fcberstellung von altem und neuem Recht ist es ein wertvoller Begleiter bei der Umstellung auf das BilMoG in der Praxis.<\/p>\n<div>\n<table class=\"imgtext-table\" border=\"0\" width=\"475\" cellspacing=\"0\" cellpadding=\"0\">\n<tbody>\n<tr>\n<td colspan=\"1\"><\/td>\n<\/tr>\n<tr>\n<td valign=\"top\"><img loading=\"lazy\" decoding=\"async\" title=\"\" src=\"http:\/\/emaa.de\/wp-878ef-content\/uploads\/2015\/02\/Spacer_fe62a7_47.jpg\" alt=\"\" width=\"475\" height=\"16\" align=\"top\" border=\"0\" \/><\/td>\n<\/tr>\n<\/tbody>\n<\/table>\n<\/div>\n<p><a id=\"c953\"><\/a><\/p>\n<p>M\u00f6chten Sie k\u00fcnftig die EMAA-EUROPA-INFOs nicht mehr beziehen, k\u00f6nnen Sie den Service jederzeit mit einer Mitteilung an die EMAA (<a>kontakt@emaa.de<\/a>) stornieren.<\/p>\n<p>European Management Accountants Association e.V<br \/>\nEMAA e.V.<br \/>\nAm Propsthof 15 &#8211; 17<br \/>\n53121 Bonn<br \/>\nTelefon: +49 (0)228 &#8211; 9 63 93 18, Telefax: +49 (0)228 &#8211; 9 63 93 14<br \/>\nE-Mail: <a>kontakt@emaa.de<\/a>\u00a0 Internet: <a href=\"http:\/\/www.emaa.de\/\" target=\"_blank\">http:\/\/www.emaa.de<\/a><\/p>\n","protected":false},"excerpt":{"rendered":"<p>&nbsp; EMAA-EUROPA-INFOs Mai 2009 Sehr geehrte Kolleginnen und Kollegen, in dieser Ausgabe finden Sie Beitr\u00e4ge zu folgenden Themen: &#8211; Termine\/Seminare &#8211; EMAA-Lobbyarbeit &#8211; EUROPA\u00a0 VON\u00a0 A \u2013 Z &#8211; EDV und Software &#8211; Steuern und Finanzen &#8211;\u00a0Aktuelle Neuigkeiten in der internationalen Rechnungslegung &#8211; Buchtipp Wir hoffen, Ihnen interessante Informationen und Beitr\u00e4ge liefern zu k\u00f6nnen! Ihr [&hellip;]<\/p>\n","protected":false},"author":1,"featured_media":0,"comment_status":"closed","ping_status":"closed","sticky":false,"template":"","format":"standard","meta":{"footnotes":""},"categories":[29,284,280],"tags":[],"class_list":["post-447","post","type-post","status-publish","format-standard","hentry","category-europa-info","category-norwegen","category-tschechien"],"_links":{"self":[{"href":"http:\/\/emaa.de\/index.php?rest_route=\/wp\/v2\/posts\/447","targetHints":{"allow":["GET"]}}],"collection":[{"href":"http:\/\/emaa.de\/index.php?rest_route=\/wp\/v2\/posts"}],"about":[{"href":"http:\/\/emaa.de\/index.php?rest_route=\/wp\/v2\/types\/post"}],"author":[{"embeddable":true,"href":"http:\/\/emaa.de\/index.php?rest_route=\/wp\/v2\/users\/1"}],"replies":[{"embeddable":true,"href":"http:\/\/emaa.de\/index.php?rest_route=%2Fwp%2Fv2%2Fcomments&post=447"}],"version-history":[{"count":1,"href":"http:\/\/emaa.de\/index.php?rest_route=\/wp\/v2\/posts\/447\/revisions"}],"predecessor-version":[{"id":448,"href":"http:\/\/emaa.de\/index.php?rest_route=\/wp\/v2\/posts\/447\/revisions\/448"}],"wp:attachment":[{"href":"http:\/\/emaa.de\/index.php?rest_route=%2Fwp%2Fv2%2Fmedia&parent=447"}],"wp:term":[{"taxonomy":"category","embeddable":true,"href":"http:\/\/emaa.de\/index.php?rest_route=%2Fwp%2Fv2%2Fcategories&post=447"},{"taxonomy":"post_tag","embeddable":true,"href":"http:\/\/emaa.de\/index.php?rest_route=%2Fwp%2Fv2%2Ftags&post=447"}],"curies":[{"name":"wp","href":"https:\/\/api.w.org\/{rel}","templated":true}]}}