{"id":714,"date":"2015-02-04T01:33:56","date_gmt":"2015-02-04T00:33:56","guid":{"rendered":"http:\/\/emaa.de\/?p=714"},"modified":"2015-02-04T01:33:56","modified_gmt":"2015-02-04T00:33:56","slug":"verlaengerung-der-einsendefrist-fuer-die-abgabe-von-stellungnahmen-zur-regulierung-der-freien-berufe","status":"publish","type":"post","link":"http:\/\/emaa.de\/?p=714","title":{"rendered":"Verl\u00e4ngerung der Einsendefrist f\u00fcr die Abgabe von Stellungnahmen zur Regulierung der freien Berufe"},"content":{"rendered":"<div class=\"news-single-timedata\">Wednesday 12.03.2003 01:50 Uhr<\/div>\n<p>Rubrik: News<\/p>\n<p class=\"news-single-author\">Br\u00fcssel, 26. Mai 2003<\/p>\n<h2>Kommission verl\u00e4ngert die Frist f\u00fcr Konsultationen im Bereich der freien Berufe<\/h2>\n<p>Die Europ\u00e4ische Kommission hat die Einsendefrist f\u00fcr Stellungnahmen zur Regulierung der freien Berufe um zwei Wochen bis zum 15. Juni verl\u00e4ngert, da zahlreiche Parteien um mehr Zeit gebeten haben, um ihre Einsendungen zu vervollst\u00e4ndigen.<\/p>\n<p>Die Kommission hat im M\u00e4rz 2003 ihren Bericht zur Bestandsaufnahme der freien Berufe vorgestellt und interessierte Parteien eingeladen, zur Regulierung der freien Berufe und zu einer unabh\u00e4ngigen Studie, die die unterschiedlichen Regulierungsgrade innerhalb der EU-Mitgliedsstaaten untersucht, Stellung zunehmen.<\/p>\n<p>Innerhalb der EU unterliegen Rechtsanw\u00e4lte, Buchpr\u00fcfer, Architekten und andere Freiberufler wettbewerbsbeschr\u00e4nkenden Vorschriften. Die Studie zeigt, dass der Regulierungsgrad zwischen den Mitgliedsstaaten sehr stark variiert. In einigen L\u00e4ndern ist eine effiziente Aus\u00fcbung von freiberuflichen T\u00e4tigkeiten auch ohne wettbewerbsbeschr\u00e4nkende Regulierungsvorschriften m\u00f6glich.<\/p>\n<p>Wettbewerbskommissar Mario Monti hat daher Regulierungsbeh\u00f6rden, Angeh\u00f6rige des Berufsstandes und sonstige betroffene Gruppen eingeladen, \u00fcber die Ergebnisse der Studie und die Vorteile von st\u00e4rker wettbewerbsorientierten Rechtsvorschriften nachzudenken.<\/p>\n<p>Die Studie und die Einladung zur Stellungnahme sind auf der Homepage der Kommission zug\u00e4nglich:\u00a0<a href=\"http:\/\/europa.eu.int\/comm\/competition\/index_de.html\" target=\"_blank\">europa.eu.int\/comm\/competition\/index_de.html<\/a><\/p>\n","protected":false},"excerpt":{"rendered":"<p>Wednesday 12.03.2003 01:50 Uhr Rubrik: News Br\u00fcssel, 26. Mai 2003 Kommission verl\u00e4ngert die Frist f\u00fcr Konsultationen im Bereich der freien Berufe Die Europ\u00e4ische Kommission hat die Einsendefrist f\u00fcr Stellungnahmen zur Regulierung der freien Berufe um zwei Wochen bis zum 15. Juni verl\u00e4ngert, da zahlreiche Parteien um mehr Zeit gebeten haben, um ihre Einsendungen zu vervollst\u00e4ndigen. [&hellip;]<\/p>\n","protected":false},"author":1,"featured_media":0,"comment_status":"closed","ping_status":"closed","sticky":false,"template":"","format":"standard","meta":{"footnotes":""},"categories":[28],"tags":[],"class_list":["post-714","post","type-post","status-publish","format-standard","hentry","category-archiv"],"_links":{"self":[{"href":"http:\/\/emaa.de\/index.php?rest_route=\/wp\/v2\/posts\/714","targetHints":{"allow":["GET"]}}],"collection":[{"href":"http:\/\/emaa.de\/index.php?rest_route=\/wp\/v2\/posts"}],"about":[{"href":"http:\/\/emaa.de\/index.php?rest_route=\/wp\/v2\/types\/post"}],"author":[{"embeddable":true,"href":"http:\/\/emaa.de\/index.php?rest_route=\/wp\/v2\/users\/1"}],"replies":[{"embeddable":true,"href":"http:\/\/emaa.de\/index.php?rest_route=%2Fwp%2Fv2%2Fcomments&post=714"}],"version-history":[{"count":1,"href":"http:\/\/emaa.de\/index.php?rest_route=\/wp\/v2\/posts\/714\/revisions"}],"predecessor-version":[{"id":715,"href":"http:\/\/emaa.de\/index.php?rest_route=\/wp\/v2\/posts\/714\/revisions\/715"}],"wp:attachment":[{"href":"http:\/\/emaa.de\/index.php?rest_route=%2Fwp%2Fv2%2Fmedia&parent=714"}],"wp:term":[{"taxonomy":"category","embeddable":true,"href":"http:\/\/emaa.de\/index.php?rest_route=%2Fwp%2Fv2%2Fcategories&post=714"},{"taxonomy":"post_tag","embeddable":true,"href":"http:\/\/emaa.de\/index.php?rest_route=%2Fwp%2Fv2%2Ftags&post=714"}],"curies":[{"name":"wp","href":"https:\/\/api.w.org\/{rel}","templated":true}]}}