{"id":719,"date":"2015-02-04T01:40:12","date_gmt":"2015-02-04T00:40:12","guid":{"rendered":"http:\/\/emaa.de\/?p=719"},"modified":"2015-02-04T01:40:22","modified_gmt":"2015-02-04T00:40:22","slug":"kongresse-international-2003","status":"publish","type":"post","link":"http:\/\/emaa.de\/?p=719","title":{"rendered":"Kongresse International 2003"},"content":{"rendered":"<div class=\"news-single-timedata\">Friday 13.06.2003 02:38 Uhr<br \/>\nRubrik: Termine<\/div>\n<h2 class=\"news-single-author\">Kongresse International 2003<\/h2>\n<h3>Europa<\/h3>\n<p>EMAA Euro-Fachtagung &#8211; Zum Thema &#8222;Problematik und Internationalisierung des Rechnungswesens in den EU-Staaten findet das 13. Europ\u00e4ische Bilanzbuchhalter und Controller Treffen vom 13. &#8211; 15. Juni in Freiburg statt.<\/p>\n<h3>\u00d6sterreich:<\/h3>\n<p>1. \u00d6sterreichischer Bilanzbuchhalter-Kongress<br \/>\nTermin: 22.\/23. Mai 2003<br \/>\nOrt: WIFI Wien, Karl-Dietrichsaal<\/p>\n<p>Internationale Rechnungslegung, Sonderbilanzen, Aktuelle Steuer\u00e4nderungen u.a.<\/p>\n","protected":false},"excerpt":{"rendered":"<p>Friday 13.06.2003 02:38 Uhr Rubrik: Termine Kongresse International 2003 Europa EMAA Euro-Fachtagung &#8211; Zum Thema &#8222;Problematik und Internationalisierung des Rechnungswesens in den EU-Staaten findet das 13. Europ\u00e4ische Bilanzbuchhalter und Controller Treffen vom 13. &#8211; 15. Juni in Freiburg statt. \u00d6sterreich: 1. \u00d6sterreichischer Bilanzbuchhalter-Kongress Termin: 22.\/23. Mai 2003 Ort: WIFI Wien, Karl-Dietrichsaal Internationale Rechnungslegung, Sonderbilanzen, Aktuelle [&hellip;]<\/p>\n","protected":false},"author":1,"featured_media":0,"comment_status":"closed","ping_status":"closed","sticky":false,"template":"","format":"standard","meta":{"footnotes":""},"categories":[28],"tags":[39],"class_list":["post-719","post","type-post","status-publish","format-standard","hentry","category-archiv","tag-termine"],"_links":{"self":[{"href":"http:\/\/emaa.de\/index.php?rest_route=\/wp\/v2\/posts\/719","targetHints":{"allow":["GET"]}}],"collection":[{"href":"http:\/\/emaa.de\/index.php?rest_route=\/wp\/v2\/posts"}],"about":[{"href":"http:\/\/emaa.de\/index.php?rest_route=\/wp\/v2\/types\/post"}],"author":[{"embeddable":true,"href":"http:\/\/emaa.de\/index.php?rest_route=\/wp\/v2\/users\/1"}],"replies":[{"embeddable":true,"href":"http:\/\/emaa.de\/index.php?rest_route=%2Fwp%2Fv2%2Fcomments&post=719"}],"version-history":[{"count":1,"href":"http:\/\/emaa.de\/index.php?rest_route=\/wp\/v2\/posts\/719\/revisions"}],"predecessor-version":[{"id":720,"href":"http:\/\/emaa.de\/index.php?rest_route=\/wp\/v2\/posts\/719\/revisions\/720"}],"wp:attachment":[{"href":"http:\/\/emaa.de\/index.php?rest_route=%2Fwp%2Fv2%2Fmedia&parent=719"}],"wp:term":[{"taxonomy":"category","embeddable":true,"href":"http:\/\/emaa.de\/index.php?rest_route=%2Fwp%2Fv2%2Fcategories&post=719"},{"taxonomy":"post_tag","embeddable":true,"href":"http:\/\/emaa.de\/index.php?rest_route=%2Fwp%2Fv2%2Ftags&post=719"}],"curies":[{"name":"wp","href":"https:\/\/api.w.org\/{rel}","templated":true}]}}