{"id":889,"date":"2015-02-04T09:10:11","date_gmt":"2015-02-04T08:10:11","guid":{"rendered":"http:\/\/emaa.de\/?p=889"},"modified":"2015-02-04T09:10:11","modified_gmt":"2015-02-04T08:10:11","slug":"verordnung-zur-einfuehrung-internationaler-rechnungslegungsgrundsaetze","status":"publish","type":"post","link":"http:\/\/emaa.de\/?p=889","title":{"rendered":"Verordnung zur Einf\u00fchrung Internationaler Rechnungslegungsgrunds\u00e4tze"},"content":{"rendered":"<p>Wednesday 12.02.2003 01:33 Uhr<br \/>\nRubrik: News<\/p>\n<p>EU-Parlament verabschiedet in englisch Verordnung zur Einf\u00fchrung Internationaler Rechnungslegungsgrunds\u00e4tze. Das Europ\u00e4ische Parlament stimmte mit gro\u00dfer Mehrheit einer Verordnung \u00fcber die Einf\u00fchrung Internationaler Rechnungslegungsgrunds\u00e4tze zu, die die Bilanzen transparenter und vergleichbarer machen wird. Danach sollen f\u00fcr b\u00f6rsennotierte Unternehmen in Europa sp\u00e4testens ab 2005 die International Accounting Standards gelten. Europ\u00e4ische Unternehmen, die auch in den USA gelistet sind, erhalten einen Aufschub zur Anwendung der IAS-Regeln bis 2007.<\/p>\n<p>Im Amtsblatt der Europ\u00e4ischen Gemeinschaft L 243\/1 vom 11. September 2002 wurde die Verordnung Nr. 1606\/2002 vom 19. Juli 2002 &#8222;Anwendung internationaler Rechnungslegungsstandards&#8220; ver\u00f6ffentlicht. Ab dem dritten Tag nach Ver\u00f6ffentlichung im Amtsblatt trat diese Verordnung in Kraft.<\/p>\n<p>Das Dokument finden Sie unter:<br \/>\n<a href=\"http:\/\/www.standardsetter.de\/drsc\/docs\/press_releases\/vo_eu_ias.pdf\">www.standardsetter.de\/drsc\/docs\/press_releases\/vo_eu_ias.pdf<\/a><\/p>\n<p>Au\u00dferdem existiert eine englische Fassung:<br \/>\n<a href=\"http:\/\/www.standardsetter.de\/drsc\/docs\/press_releases\/vo_eu_ias_eng.pdf\">www.standardsetter.de\/drsc\/docs\/press_releases\/vo_eu_ias_eng.pdf<\/a><\/p>\n","protected":false},"excerpt":{"rendered":"<p>Wednesday 12.02.2003 01:33 Uhr Rubrik: News EU-Parlament verabschiedet in englisch Verordnung zur Einf\u00fchrung Internationaler Rechnungslegungsgrunds\u00e4tze. Das Europ\u00e4ische Parlament stimmte mit gro\u00dfer Mehrheit einer Verordnung \u00fcber die Einf\u00fchrung Internationaler Rechnungslegungsgrunds\u00e4tze zu, die die Bilanzen transparenter und vergleichbarer machen wird. Danach sollen f\u00fcr b\u00f6rsennotierte Unternehmen in Europa sp\u00e4testens ab 2005 die International Accounting Standards gelten. Europ\u00e4ische Unternehmen, [&hellip;]<\/p>\n","protected":false},"author":1,"featured_media":0,"comment_status":"closed","ping_status":"closed","sticky":false,"template":"","format":"standard","meta":{"footnotes":""},"categories":[28,5],"tags":[31,152,153,89],"class_list":["post-889","post","type-post","status-publish","format-standard","hentry","category-archiv","category-international","tag-eu","tag-international","tag-rechnungslegung","tag-recht"],"_links":{"self":[{"href":"http:\/\/emaa.de\/index.php?rest_route=\/wp\/v2\/posts\/889","targetHints":{"allow":["GET"]}}],"collection":[{"href":"http:\/\/emaa.de\/index.php?rest_route=\/wp\/v2\/posts"}],"about":[{"href":"http:\/\/emaa.de\/index.php?rest_route=\/wp\/v2\/types\/post"}],"author":[{"embeddable":true,"href":"http:\/\/emaa.de\/index.php?rest_route=\/wp\/v2\/users\/1"}],"replies":[{"embeddable":true,"href":"http:\/\/emaa.de\/index.php?rest_route=%2Fwp%2Fv2%2Fcomments&post=889"}],"version-history":[{"count":1,"href":"http:\/\/emaa.de\/index.php?rest_route=\/wp\/v2\/posts\/889\/revisions"}],"predecessor-version":[{"id":890,"href":"http:\/\/emaa.de\/index.php?rest_route=\/wp\/v2\/posts\/889\/revisions\/890"}],"wp:attachment":[{"href":"http:\/\/emaa.de\/index.php?rest_route=%2Fwp%2Fv2%2Fmedia&parent=889"}],"wp:term":[{"taxonomy":"category","embeddable":true,"href":"http:\/\/emaa.de\/index.php?rest_route=%2Fwp%2Fv2%2Fcategories&post=889"},{"taxonomy":"post_tag","embeddable":true,"href":"http:\/\/emaa.de\/index.php?rest_route=%2Fwp%2Fv2%2Ftags&post=889"}],"curies":[{"name":"wp","href":"https:\/\/api.w.org\/{rel}","templated":true}]}}