{"id":938,"date":"2015-02-04T10:05:57","date_gmt":"2015-02-04T09:05:57","guid":{"rendered":"http:\/\/emaa.de\/?p=938"},"modified":"2015-02-04T10:05:57","modified_gmt":"2015-02-04T09:05:57","slug":"vergleichbarkeit-europaeischer-abschluesse","status":"publish","type":"post","link":"http:\/\/emaa.de\/?p=938","title":{"rendered":"Vergleichbarkeit europ\u00e4ischer Abschl\u00fcsse"},"content":{"rendered":"<h2>Deutscher Qualifikationsrahmen: Vergleichbarkeit europ\u00e4ischer Abschl\u00fcsse<\/h2>\n<p><a href=\"http:\/\/www.business-on.de\/hamburg\/deutscher-qualifikationsrahmen-vergleichbarkeit-europaeischer-abschluesse-_id33722.html\" target=\"_blank\">http:\/\/www.business-on.de\/hamburg\/deutscher-qualifikationsrahmen-vergleichbarkeit-europaeischer-abschluesse-_id33722.html<\/a><\/p>\n<p>In Deutschland erworbene Abschl\u00fcsse und berufliche Qualifikationen sollen europaweit vergleichbarer werden. Bund und L\u00e4nder haben einen gemeinsamen Beschluss unterzeichnet und damit die Grundlage f\u00fcr die Einf\u00fchrung des Deutschen Qualifikationsrahmens (DQR) gelegt.<\/p>\n<p>Ab Sommer 2013 f\u00e4llt der Startschuss f\u00fcr die Umsetzung: Es ist vorgesehen, neu erworbene <a href=\"http:\/\/www.business-on.de\/##\" target=\"_blank\">Qualifikationen<\/a>\u00a0einem DQR-Niveau zuzuordnen und diese auf den Qualifikationsbescheinigungen und Europass-Dokumenten auszuweisen.<\/p>\n<h3>Infoveranstaltung zum Deutschen Qualifikationsrahmen<\/h3>\n<p><b>Die Netzwerkstelle LebensLanges Lernen veranstaltet am 5. August 2013 von 15.30 bis 17<\/b> Uhr in den R\u00e4umen der Koordinierungsstelle <a href=\"http:\/\/www.business-on.de\/##\" target=\"_blank\">Weiterbildung<\/a>und Besch\u00e4ftigung e. V., Kapstadtring 10, 22297 Hamburg eine Infoveranstaltung zum Deutschen Qualifikationsrahmen. Die Teilnahme ist kostenfrei.<\/p>\n<p>Interessierte k\u00f6nnen sich \u00fcber den aktuellen Stand der Entwicklungen <a href=\"http:\/\/www.business-on.de\/##\" target=\"_blank\">informieren<\/a>. Werner Erlewein vom DQR-B\u00fcro in Berlin gibt Auskunft dar\u00fcber, welche Auswirkungen die Einf\u00fchrung des DQR auf Ihre Arbeit hat und was die weiteren Schritte rund um die Umsetzung des DQR sind.<\/p>\n<p>Weitere Informationen und Anmeldung: <a href=\"http:\/\/www.netz3l.de\/akt-va.html\" target=\"_blank\">Netzwerkstelle LebensLanges Lernen<\/a><\/p>\n<p><a href=\"http:\/\/www.netz3l.de\/akt-va.html\" target=\"_blank\">http:\/\/www.netz3l.de\/akt-va.html<\/a><\/p>\n<h3>\u00a0<b>Netzwerktreffen &#8222;Start frei f\u00fcr den DQR&#8220;<\/b><\/h3>\n<p>Die Grundlage f\u00fcr die Einf\u00fchrung des Deutschen Qualifikationsrahmens (DQR) wurde gelegt: Bund und L\u00e4nder haben einen gemeinsamen Beschluss unterzeichnet, durch den schrittweise in Deutschland erworbene Abschl\u00fcsse und berufliche Qualifikationen europaweit vergleichbarer werden. Nach der gemeinsamen Vereinbarung \u00fcber die Zuordnungen der Qualifikationen zum DQR vom Januar 2012 wurde der Deutsche Referenzierungsbericht im Dezember 2012 in Br\u00fcssel pr\u00e4sentiert. Nun f\u00e4llt mit dem gemeinsamen Beschluss der Startschuss f\u00fcr die Umsetzung:<\/p>\n<p>Ab Sommer 2013 ist vorgesehen, neu erworbene Qualifikationen einem DQR-Niveau zuzuordnen und dieses auf den Qualifikationsbescheinigungen und Europass-Dokumenten auszuweisen.<\/p>\n<p>Wir laden Sie herzlich ein, sich \u00fcber den aktuellen Stand der Entwicklungen zu informieren und Werner Erlewein, DQR-B\u00fcro Berlin, z. B. dar\u00fcber zu befragen, welche Auswirkungen die Einf\u00fchrung des DQR auf Ihre Arbeit hat und was die weiteren Schritte rund um die Umsetzung des DQR sind.<\/p>\n<p><b>Netzwerktreffen am Montag, dem 5. August 2013, von 15:30 bis 17:00 Uhr in den R\u00e4umlichkeiten der KWB Koordinierungsstelle Weiterbildung und Besch\u00e4ftigung e. V., Kapstadtring 10, 22297 Hamburg<\/b><\/p>\n<p>Wir freuen uns \u00fcber Ihre verbindliche Anmeldung telefonisch unter 040 334241-365 oder per E-Mail an <a href=\"mailto:krause@kwb.de\" target=\"_blank\">krause@kwb.de<\/a>.<\/p>\n<p><span lang=\"EN\">Die Teilnahme ist kostenfrei.<\/span><\/p>\n","protected":false},"excerpt":{"rendered":"<p>Deutscher Qualifikationsrahmen: Vergleichbarkeit europ\u00e4ischer Abschl\u00fcsse http:\/\/www.business-on.de\/hamburg\/deutscher-qualifikationsrahmen-vergleichbarkeit-europaeischer-abschluesse-_id33722.html In Deutschland erworbene Abschl\u00fcsse und berufliche Qualifikationen sollen europaweit vergleichbarer werden. Bund und L\u00e4nder haben einen gemeinsamen Beschluss unterzeichnet und damit die Grundlage f\u00fcr die Einf\u00fchrung des Deutschen Qualifikationsrahmens (DQR) gelegt. Ab Sommer 2013 f\u00e4llt der Startschuss f\u00fcr die Umsetzung: Es ist vorgesehen, neu erworbene Qualifikationen\u00a0einem DQR-Niveau zuzuordnen und [&hellip;]<\/p>\n","protected":false},"author":1,"featured_media":0,"comment_status":"closed","ping_status":"closed","sticky":false,"template":"","format":"standard","meta":{"footnotes":""},"categories":[16,9],"tags":[124,165,166,164],"class_list":["post-938","post","type-post","status-publish","format-standard","hentry","category-aktuelles","category-bildung-bildung","tag-ausbildung","tag-bildung","tag-dqr","tag-eqr"],"_links":{"self":[{"href":"http:\/\/emaa.de\/index.php?rest_route=\/wp\/v2\/posts\/938","targetHints":{"allow":["GET"]}}],"collection":[{"href":"http:\/\/emaa.de\/index.php?rest_route=\/wp\/v2\/posts"}],"about":[{"href":"http:\/\/emaa.de\/index.php?rest_route=\/wp\/v2\/types\/post"}],"author":[{"embeddable":true,"href":"http:\/\/emaa.de\/index.php?rest_route=\/wp\/v2\/users\/1"}],"replies":[{"embeddable":true,"href":"http:\/\/emaa.de\/index.php?rest_route=%2Fwp%2Fv2%2Fcomments&post=938"}],"version-history":[{"count":1,"href":"http:\/\/emaa.de\/index.php?rest_route=\/wp\/v2\/posts\/938\/revisions"}],"predecessor-version":[{"id":939,"href":"http:\/\/emaa.de\/index.php?rest_route=\/wp\/v2\/posts\/938\/revisions\/939"}],"wp:attachment":[{"href":"http:\/\/emaa.de\/index.php?rest_route=%2Fwp%2Fv2%2Fmedia&parent=938"}],"wp:term":[{"taxonomy":"category","embeddable":true,"href":"http:\/\/emaa.de\/index.php?rest_route=%2Fwp%2Fv2%2Fcategories&post=938"},{"taxonomy":"post_tag","embeddable":true,"href":"http:\/\/emaa.de\/index.php?rest_route=%2Fwp%2Fv2%2Ftags&post=938"}],"curies":[{"name":"wp","href":"https:\/\/api.w.org\/{rel}","templated":true}]}}